{"id":10204,"date":"2026-04-26T19:21:01","date_gmt":"2026-04-26T19:21:01","guid":{"rendered":"https:\/\/mfc08.de\/?p=10204"},"modified":"2026-04-26T19:21:03","modified_gmt":"2026-04-26T19:21:03","slug":"mfc-08-lindenhof-2-esc-blau-weiss-mannheim-31-11","status":"publish","type":"post","link":"https:\/\/mfc08.de\/?p=10204","title":{"rendered":"MFC 08 Lindenhof 2 \u2013 ESC Blau-Wei\u00df Mannheim 3:1 (1:1)"},"content":{"rendered":"\n<p>Einen nicht unbedingt erwarteten 3:1 (1:1) Erfolg feierte die zweite Mannschaft gegen den ESC Blau-Wei\u00df Mannheim<\/p>\n\n\n\n<p>Zu Beginn hatten die G\u00e4ste, die sich noch Hoffnungen auf den Aufstieg machen k\u00f6nnen, etwas mehr Ballbesitz, aber unsere Defensive stand gut und mit der Zeit war man auch immer wieder in der Lage offensive Akzente zu setzen. Bei einer ersten Chance setzte Alessio Kargbo einen Kopfball aus kurzer Distanz noch \u00fcber das Tor, aber Mitte der ersten Halbzeit machte er es besser und traf mit einem Schuss aus der zweiten Reihe zur F\u00fchrung. In der Nachspielzeit der ersten Halbzeit kamen die G\u00e4ste &nbsp;nach einem gelungenen Spielzug aber doch noch zum Ausgleich. Auch in der zweiten Halbzeit hatten die G\u00e4ste mehr Ballbesitz, taten sich aber weiterhin schwer, sich wirklich gute Chancen zu erspielen. Kurz vor Spielende wurde dann Nils Glette frei gespielt und er behielt vor dem Torwart die Nerven und traf zur erneuten F\u00fchrung. Und in der Nachspielzeit tauchte Nils Glette noch einmal frei vor dem Torwart auf und wieder nutzte er die Chance und erh\u00f6hte auf 3:1, was gleichzeitig auch den Endstand bedeutete.<\/p>\n\n\n\n<p>N\u00e4chste Woche tritt die Mannschaft beim FC Hochst\u00e4tt T\u00fcrkspor an<\/p>\n","protected":false},"excerpt":{"rendered":"<p>Einen nicht unbedingt erwarteten 3:1 (1:1) Erfolg feierte die zweite Mannschaft gegen den ESC Blau-Wei\u00df Mannheim Zu Beginn hatten die G\u00e4ste, die sich noch Hoffnungen auf den Aufstieg machen k\u00f6nnen, etwas mehr Ballbesitz, aber unsere Defensive stand gut und mit der Zeit war man auch immer wieder in der Lage offensive Akzente zu setzen. Bei&hellip;&nbsp;<a href=\"https:\/\/mfc08.de\/?p=10204\" rel=\"bookmark\">Weiterlesen &raquo;<span class=\"screen-reader-text\">MFC 08 Lindenhof 2 \u2013 ESC Blau-Wei\u00df Mannheim 3:1 (1:1)<\/span><\/a><\/p>\n","protected":false},"author":5,"featured_media":9697,"comment_status":"closed","ping_status":"closed","sticky":false,"template":"","format":"standard","meta":{"neve_meta_sidebar":"","neve_meta_container":"","neve_meta_enable_content_width":"","neve_meta_content_width":0,"neve_meta_title_alignment":"","neve_meta_author_avatar":"","neve_post_elements_order":"","neve_meta_disable_header":"","neve_meta_disable_footer":"","neve_meta_disable_title":"","_themeisle_gutenberg_block_has_review":false,"footnotes":""},"categories":[5],"tags":[],"class_list":["post-10204","post","type-post","status-publish","format-standard","has-post-thumbnail","hentry","category-2-mannschaft"],"_links":{"self":[{"href":"https:\/\/mfc08.de\/index.php?rest_route=\/wp\/v2\/posts\/10204","targetHints":{"allow":["GET"]}}],"collection":[{"href":"https:\/\/mfc08.de\/index.php?rest_route=\/wp\/v2\/posts"}],"about":[{"href":"https:\/\/mfc08.de\/index.php?rest_route=\/wp\/v2\/types\/post"}],"author":[{"embeddable":true,"href":"https:\/\/mfc08.de\/index.php?rest_route=\/wp\/v2\/users\/5"}],"replies":[{"embeddable":true,"href":"https:\/\/mfc08.de\/index.php?rest_route=%2Fwp%2Fv2%2Fcomments&post=10204"}],"version-history":[{"count":1,"href":"https:\/\/mfc08.de\/index.php?rest_route=\/wp\/v2\/posts\/10204\/revisions"}],"predecessor-version":[{"id":10205,"href":"https:\/\/mfc08.de\/index.php?rest_route=\/wp\/v2\/posts\/10204\/revisions\/10205"}],"wp:featuredmedia":[{"embeddable":true,"href":"https:\/\/mfc08.de\/index.php?rest_route=\/wp\/v2\/media\/9697"}],"wp:attachment":[{"href":"https:\/\/mfc08.de\/index.php?rest_route=%2Fwp%2Fv2%2Fmedia&parent=10204"}],"wp:term":[{"taxonomy":"category","embeddable":true,"href":"https:\/\/mfc08.de\/index.php?rest_route=%2Fwp%2Fv2%2Fcategories&post=10204"},{"taxonomy":"post_tag","embeddable":true,"href":"https:\/\/mfc08.de\/index.php?rest_route=%2Fwp%2Fv2%2Ftags&post=10204"}],"curies":[{"name":"wp","href":"https:\/\/api.w.org\/{rel}","templated":true}]}}