{"id":10206,"date":"2026-04-26T19:23:30","date_gmt":"2026-04-26T19:23:30","guid":{"rendered":"https:\/\/mfc08.de\/?p=10206"},"modified":"2026-04-26T19:23:31","modified_gmt":"2026-04-26T19:23:31","slug":"mfc-08-lindenhof-fv-03-ladenburg-60-20","status":"publish","type":"post","link":"https:\/\/mfc08.de\/?p=10206","title":{"rendered":"MFC 08 Lindenhof \u2013 FV 03 Ladenburg 6:0 (2:0)"},"content":{"rendered":"\n<p>Mit einem souver\u00e4nen 6:0 (2:0) Sieg endete das ganz wichtige Spiel der ersten Mannschaft gegen den direkten Tabellen-Nachbarn FV 03 Ladenburg<\/p>\n\n\n\n<p>Nach einer ausgeglichenen Anfangsphase gelang unsere Elf nach einer Viertelstunde die wichtige F\u00fchrung. Yusuf Demirci spielte einen Ball genau in den Lauf von Gianfranco Scopelliti und dieser vollstreckte vor dem Torwart zum 1:0. Kurz danach h\u00e4tte man fast den Ausgleich kassiert, aber zun\u00e4chst parierte Karl Geiser im Tor einen gef\u00e4hrlichen Kopfball stark und der anschlie\u00dfende Eckball landete an der Latte. Besser machte es auf der anderen Seite kurz danach Yusuf Demirci. Er kam am Strafraumeck an den Ball, zog den Ball auf das Tor und dieser senkte sich genau ins lange Eck zum 2:0. In der Schlussphase der ersten Halbzeit boten sich noch zwei Chancen die F\u00fchrung noch weiter auszubauen, aber zun\u00e4chst scheiterte Oliver Schlick am Torwart und kurz danach wurde ein Schuss von Yusuf Demirci gerade noch abgeblockt. Aber kurz nach Wiederbeginn konnte man mit dem 3:0 schon eine Vorentscheidung herbeif\u00fchren. Bei einem Abschluss im Strafraum setzte Yusuf Demirci den Ball zwar \u00fcber das Tor, wurde dabei aber vom Ladenburger Torwart gefoult, so dass der Schiedsrichter auf Elfmeter entschied, den Yusuf &nbsp;Demirci selbst sicher zum 3:0 verwandelte. Kurz danach hatten die G\u00e4ste eine gute Chance zum Anschlusstreffer, die aber nicht genutzt wurde und so war es Mitte der zweiten Halbzeit erneut Yusuf Demirci, der den n\u00e4chsten Treffer erzielte. Nach einem Ballgewinn in der eigenen H\u00e4lfte spielte ihm Edis Crnisanin einen herausragenden Pass genau in den Lauf und er blieb frei vor dem gegnerischen Torwart erneut eiskalt und traf zum 4:0. Nur wenig sp\u00e4ter lie\u00df der Torwart einen langen Einwurf von Oliver Schlick nach vorne abprallen und Edis Crnisanin nahm das Geschenk an und traf zum 5:0. Den Schlusspunkt setzte dann wiederum Yusuf Demirci. Nach einem feinen Angriff behielt \u00d6mer Kilichan die \u00dcbersicht im Ladenburger Strafraum und legte den Ball dann quer vor das Tor, wo er nur noch einschieben musste.<\/p>\n\n\n\n<p>Mit diesem Sieg hat man jetzt endg\u00fcltig den Anschluss an die Nicht-Abstiegs-Pl\u00e4tze hergestellt und hat es wieder selbst in der Hand den Klassenerhalt zu schaffen. Die n\u00e4chste M\u00f6glichkeit, die hierzu notwendigen Punkte zu sammeln, bietet sich n\u00e4chste Woche beim SC K\u00e4fertal &nbsp;&nbsp;&nbsp;&nbsp;&nbsp;&nbsp;<\/p>\n","protected":false},"excerpt":{"rendered":"<p>Mit einem souver\u00e4nen 6:0 (2:0) Sieg endete das ganz wichtige Spiel der ersten Mannschaft gegen den direkten Tabellen-Nachbarn FV 03 Ladenburg Nach einer ausgeglichenen Anfangsphase gelang unsere Elf nach einer Viertelstunde die wichtige F\u00fchrung. Yusuf Demirci spielte einen Ball genau in den Lauf von Gianfranco Scopelliti und dieser vollstreckte vor dem Torwart zum 1:0. Kurz&hellip;&nbsp;<a href=\"https:\/\/mfc08.de\/?p=10206\" rel=\"bookmark\">Weiterlesen &raquo;<span class=\"screen-reader-text\">MFC 08 Lindenhof \u2013 FV 03 Ladenburg 6:0 (2:0)<\/span><\/a><\/p>\n","protected":false},"author":5,"featured_media":9664,"comment_status":"closed","ping_status":"closed","sticky":false,"template":"","format":"standard","meta":{"neve_meta_sidebar":"","neve_meta_container":"","neve_meta_enable_content_width":"","neve_meta_content_width":0,"neve_meta_title_alignment":"","neve_meta_author_avatar":"","neve_post_elements_order":"","neve_meta_disable_header":"","neve_meta_disable_footer":"","neve_meta_disable_title":"","_themeisle_gutenberg_block_has_review":false,"footnotes":""},"categories":[3],"tags":[],"class_list":["post-10206","post","type-post","status-publish","format-standard","has-post-thumbnail","hentry","category-1-mannschaft"],"_links":{"self":[{"href":"https:\/\/mfc08.de\/index.php?rest_route=\/wp\/v2\/posts\/10206","targetHints":{"allow":["GET"]}}],"collection":[{"href":"https:\/\/mfc08.de\/index.php?rest_route=\/wp\/v2\/posts"}],"about":[{"href":"https:\/\/mfc08.de\/index.php?rest_route=\/wp\/v2\/types\/post"}],"author":[{"embeddable":true,"href":"https:\/\/mfc08.de\/index.php?rest_route=\/wp\/v2\/users\/5"}],"replies":[{"embeddable":true,"href":"https:\/\/mfc08.de\/index.php?rest_route=%2Fwp%2Fv2%2Fcomments&post=10206"}],"version-history":[{"count":1,"href":"https:\/\/mfc08.de\/index.php?rest_route=\/wp\/v2\/posts\/10206\/revisions"}],"predecessor-version":[{"id":10207,"href":"https:\/\/mfc08.de\/index.php?rest_route=\/wp\/v2\/posts\/10206\/revisions\/10207"}],"wp:featuredmedia":[{"embeddable":true,"href":"https:\/\/mfc08.de\/index.php?rest_route=\/wp\/v2\/media\/9664"}],"wp:attachment":[{"href":"https:\/\/mfc08.de\/index.php?rest_route=%2Fwp%2Fv2%2Fmedia&parent=10206"}],"wp:term":[{"taxonomy":"category","embeddable":true,"href":"https:\/\/mfc08.de\/index.php?rest_route=%2Fwp%2Fv2%2Fcategories&post=10206"},{"taxonomy":"post_tag","embeddable":true,"href":"https:\/\/mfc08.de\/index.php?rest_route=%2Fwp%2Fv2%2Ftags&post=10206"}],"curies":[{"name":"wp","href":"https:\/\/api.w.org\/{rel}","templated":true}]}}