{"id":10461,"date":"2026-08-30T19:14:16","date_gmt":"2026-08-30T19:14:16","guid":{"rendered":"https:\/\/mfc08.de\/?p=10461"},"modified":"2026-08-30T19:16:47","modified_gmt":"2026-08-30T19:16:47","slug":"vfl-kurpfalz-neckarau-mfc-08-lindenhof-42-22","status":"publish","type":"post","link":"https:\/\/mfc08.de\/?p=10461","title":{"rendered":"VfL Kurpfalz Neckarau \u2013 MFC 08 Lindenhof 4:2 (2:2)"},"content":{"rendered":"\n<p class=\"wp-block-paragraph\">Eine ungl\u00fcckliche 2:4 (2:2) Niederlage musste die erste Mannschaft im ersten Saisonspiel im Derby beim VfL Kurpfalz Neckarau hinnehmen<\/p>\n\n\n\n<p class=\"wp-block-paragraph\">Es entwickelte sich zun\u00e4chst eine ausgeglichene Partie, in der beide Mannschaften fr\u00fch zu ersten guten Chancen kamen. Zun\u00e4chst scheiterte Tim Glette nach feinem Pass von Rados Ristic aus aussichtsreicher Position am gegnerischen Torwart, kurz danach hatte Neckarau eine vergleichbare Situation, doch der St\u00fcrmer zielte am langen Eck vorbei. Nach einem Freisto\u00df aus dem Halbfeld war es dann Luca Siracusa, der die Verwirrung im Strafraum nutzte und zur F\u00fchrung einschoss. Aber Mitte der ersten Halbzeit wurde ein Neckarauer St\u00fcrmer etwas ungest\u00fcm im Strafraum attackiert und der Schiedsrichter entschied auf Elfmeter, den die Gastgeber sicher zum Ausgleich verwandelten. Doch nur wenig sp\u00e4ter sorgte wiederum ein Freisto\u00df f\u00fcr die erneute F\u00fchrung. Diesmal konnte Rados Ristic einen Abpraller zum 2:1 verwerten. In der letzten Minute vor der Pause war dann wieder ein Freisto\u00df der Ausgangspunkt des n\u00e4chsten Treffers, diesmal traf Neckarau zum erneuten Ausgleich. Somit ging es mit einem insgesamt gerechten 2:2 in die Pause. Bot die erste Halbzeit noch durchaus ansehnlichen Fussball, so lie\u00df das Niveau in der zweiten Halbzeit deutlich nach und es gab lange Zeit \u00fcberhaupt keine Strafraumszenen mehr. Und so war es kurz vor Schluss wieder ein Standard der f\u00fcr die Entscheidung sorgte. Nach einem Eckball kam ein St\u00fcrmer zum Kopfball, der von Patrick Szarka gekl\u00e4rt wurde, doch der Linienrichter hatte den Ball hinter der Linie gesehen und somit gab der Schiedsrichter den Treffer zum 3:2. In der letzten Aktion der Nachspielzeit konnten Neckarau durch einen Konter sogar noch auf 4:2 erh\u00f6hen.<\/p>\n\n\n\n<p class=\"wp-block-paragraph\">Im ersten Heimspiel empf\u00e4ngt das Team jetzt n\u00e4chste Woche mit dem SV Enosis Mannheim gleich einen der Top-Favoriten der Liga &nbsp;<\/p>\n","protected":false},"excerpt":{"rendered":"<p>Eine ungl\u00fcckliche 2:4 (2:2) Niederlage musste die erste Mannschaft im ersten Saisonspiel im Derby beim VfL Kurpfalz Neckarau hinnehmen Es entwickelte sich zun\u00e4chst eine ausgeglichene Partie, in der beide Mannschaften fr\u00fch zu ersten guten Chancen kamen. Zun\u00e4chst scheiterte Tim Glette nach feinem Pass von Rados Ristic aus aussichtsreicher Position am gegnerischen Torwart, kurz danach hatte&hellip;&nbsp;<a href=\"https:\/\/mfc08.de\/?p=10461\" rel=\"bookmark\">Weiterlesen &raquo;<span class=\"screen-reader-text\">VfL Kurpfalz Neckarau \u2013 MFC 08 Lindenhof 4:2 (2:2)<\/span><\/a><\/p>\n","protected":false},"author":5,"featured_media":10462,"comment_status":"closed","ping_status":"closed","sticky":false,"template":"","format":"standard","meta":{"neve_meta_sidebar":"","neve_meta_container":"","neve_meta_enable_content_width":"","neve_meta_content_width":0,"neve_meta_title_alignment":"","neve_meta_author_avatar":"","neve_post_elements_order":"","neve_meta_disable_header":"","neve_meta_disable_footer":"","neve_meta_disable_title":"","_themeisle_gutenberg_block_has_review":false,"footnotes":""},"categories":[3],"tags":[],"class_list":["post-10461","post","type-post","status-publish","format-standard","has-post-thumbnail","hentry","category-1-mannschaft"],"_links":{"self":[{"href":"https:\/\/mfc08.de\/index.php?rest_route=\/wp\/v2\/posts\/10461","targetHints":{"allow":["GET"]}}],"collection":[{"href":"https:\/\/mfc08.de\/index.php?rest_route=\/wp\/v2\/posts"}],"about":[{"href":"https:\/\/mfc08.de\/index.php?rest_route=\/wp\/v2\/types\/post"}],"author":[{"embeddable":true,"href":"https:\/\/mfc08.de\/index.php?rest_route=\/wp\/v2\/users\/5"}],"replies":[{"embeddable":true,"href":"https:\/\/mfc08.de\/index.php?rest_route=%2Fwp%2Fv2%2Fcomments&post=10461"}],"version-history":[{"count":1,"href":"https:\/\/mfc08.de\/index.php?rest_route=\/wp\/v2\/posts\/10461\/revisions"}],"predecessor-version":[{"id":10463,"href":"https:\/\/mfc08.de\/index.php?rest_route=\/wp\/v2\/posts\/10461\/revisions\/10463"}],"wp:featuredmedia":[{"embeddable":true,"href":"https:\/\/mfc08.de\/index.php?rest_route=\/wp\/v2\/media\/10462"}],"wp:attachment":[{"href":"https:\/\/mfc08.de\/index.php?rest_route=%2Fwp%2Fv2%2Fmedia&parent=10461"}],"wp:term":[{"taxonomy":"category","embeddable":true,"href":"https:\/\/mfc08.de\/index.php?rest_route=%2Fwp%2Fv2%2Fcategories&post=10461"},{"taxonomy":"post_tag","embeddable":true,"href":"https:\/\/mfc08.de\/index.php?rest_route=%2Fwp%2Fv2%2Ftags&post=10461"}],"curies":[{"name":"wp","href":"https:\/\/api.w.org\/{rel}","templated":true}]}}