{"id":1064,"date":"2020-05-10T14:44:29","date_gmt":"2020-05-10T14:44:29","guid":{"rendered":"http:\/\/mfc08.de\/wordpress\/?p=1064"},"modified":"2020-06-05T14:45:20","modified_gmt":"2020-06-05T14:45:20","slug":"tennis-aktuelle-information","status":"publish","type":"post","link":"https:\/\/mfc08.de\/?p=1064","title":{"rendered":"Tennis: Aktuelle Information"},"content":{"rendered":"\n<p>Ab 11. Mai 2020 darf wieder gespielt werden.<\/p>\n\n\n\n<p>Liebe Mitglieder,<\/p>\n\n\n\n<p>die Landesregierung Baden-W\u00fcrttemberg hat gestern, 09. Mai 2020, die neue Landesverordnung sowie einen FAQ-Katalog ver\u00f6ffentlicht, der nicht nur festh\u00e4lt, dass Tennisanlagen ab dem 11. Mai 2020 wieder ge\u00f6ffnet werden d\u00fcrfen, sondern auch unter welchen Auflagen. Basierend darauf hat der BTV nun Leitlinien und Empfehlungen erarbeitet, die hierbei beachtet werden m\u00fcssen.<\/p>\n\n\n\n<p>Als Anhang finden Sie eben diese <strong><a href=\"https:\/\/mfc08.de\/wp-content\/uploads\/2020\/06\/20200509-Leitlinien-Vereine-Corona090520.pdf\" target=\"_blank\" rel=\"noreferrer noopener\">Leitlinien<\/a><\/strong><a rel=\"noreferrer noopener\" href=\"http:\/\/mfc08.de\/fileadmin\/images\/Tennis\/20200509_Leitlinien_Vereine_Corona090520.pdf\" target=\"_blank\"> <\/a>bzw. BTV-Empfehlungen sowie einen Aushang, der als vor\u00fcbergehende <a rel=\"noreferrer noopener\" href=\"http:\/\/mfc08.de\/fileadmin\/images\/Tennis\/Platzordnung090520.pdf\" target=\"_blank\"><strong>Platzordnung <\/strong><\/a>gesehen werden muss. Au\u00dferdem haben wir eine Anleitung f\u00fcr gr\u00fcndliches H\u00e4ndewaschen beigef\u00fcgt, da die Anbringung eines solchen Aushangs f\u00fcr Vereine vorgeschrieben ist. Leitlinie, Platzordnung sowie Anleitung zum gr\u00fcndlichen <strong><a rel=\"noreferrer noopener\" href=\"http:\/\/mfc08.de\/fileadmin\/images\/Tennis\/20200417_Aushang_Ha__nde_waschen090520.pdf\" target=\"_blank\">H\u00e4ndewaschen<\/a> <\/strong>werden im Clubhaus ausgeh\u00e4ngt und sind auch \u00fcber unsere Homepage einsehbar.<\/p>\n\n\n\n<p>Die in der aktuellen Landesverordnung sowie dem FAQ-Katalog aufgegriffenen Inhalte sind allgemein g\u00fcltig und tennis-unspezifisch, in einer weiteren Verordnung zum Breitensport erwarten wir jedoch erg\u00e4nzende Konkretisierungen. Diese werden wir in die Leitlinien entsprechend einarbeiten, sobald sie uns vorliegen.<\/p>\n\n\n\n<p>Die aktuelle Verordnung bzw. den FAQ-Katalog des Landes Baden-W\u00fcrttemberg finden Sie hier: <a href=\"https:\/\/www.baden-wuerttemberg.de\/de\/service\/aktuelle-infos-zu-corona\/faq-lockerungen-11-mai\/\" target=\"_blank\" rel=\"noreferrer noopener\">https:\/\/www.baden-wuerttemberg.de\/de\/service\/aktuelle-infos-zu-corona\/faq-lockerungen-11-mai\/<\/a>.<\/p>\n\n\n\n<p>Zus\u00e4tzlich zu unserer Belegungstafel ist unbedingt ein Platzbelegungsbuch zu f\u00fchren. Dieses haben wir auf einem Stehtisch (dort wo der K\u00fchlschrank stand) hinterlegt. und ist bedingungslos von allen Spielern auszuf\u00fcllen, um eine evtl. Infektionskette nachvollziehen zu k\u00f6nnen. Auf diesem Stehtisch finden Sie auch die G\u00e4stespielmarken, die Sie nach dem Spiel bitte in das auf dem Tisch stehende Glas entsorgen.<\/p>\n\n\n\n<p>Bei dieser Gelegenheit m\u00f6chten wir auch nochmals in Erinnerung bringen, dass keine Getr\u00e4nkeverkauf m\u00f6glich ist. Bitte denken Sie daran Ihre eigenen Getr\u00e4nke mit auf die Anlage zu bringen.<\/p>\n\n\n\n<p>Der Vorstand der Tennisabteilung weist darauf hin, dass die Pl\u00e4tze derzeit noch etwas weich sind und somit mit der entsprechenden Sorgfalt auch zu bespielen sind.&nbsp;<\/p>\n\n\n\n<p>Wir hoffen, dass Sie trotz aller Vorsichtsma\u00dfnahmen Spa\u00df am Tennis haben und freuen uns, Sie auf der Anlage begr\u00fc\u00dfen zu d\u00fcrfen.<\/p>\n\n\n\n<p>Mit sportlichen Gr\u00fc\u00dfen<\/p>\n\n\n\n<p>Vorstand Tennisabteilung<\/p>\n","protected":false},"excerpt":{"rendered":"<p>Ab 11. Mai 2020 darf wieder gespielt werden. Liebe Mitglieder, die Landesregierung Baden-W\u00fcrttemberg hat gestern, 09. Mai 2020, die neue Landesverordnung sowie einen FAQ-Katalog ver\u00f6ffentlicht, der nicht nur festh\u00e4lt, dass Tennisanlagen ab dem 11. Mai 2020 wieder ge\u00f6ffnet werden d\u00fcrfen, sondern auch unter welchen Auflagen. Basierend darauf hat der BTV nun Leitlinien und Empfehlungen erarbeitet,&hellip;&nbsp;<a href=\"https:\/\/mfc08.de\/?p=1064\" rel=\"bookmark\">Weiterlesen &raquo;<span class=\"screen-reader-text\">Tennis: Aktuelle Information<\/span><\/a><\/p>\n","protected":false},"author":6,"featured_media":981,"comment_status":"closed","ping_status":"open","sticky":false,"template":"","format":"standard","meta":{"neve_meta_sidebar":"","neve_meta_container":"","neve_meta_enable_content_width":"off","neve_meta_content_width":0,"neve_meta_title_alignment":"","neve_meta_author_avatar":"","neve_post_elements_order":"","neve_meta_disable_header":"","neve_meta_disable_footer":"","neve_meta_disable_title":"","_themeisle_gutenberg_block_has_review":false,"footnotes":""},"categories":[7,1],"tags":[],"class_list":["post-1064","post","type-post","status-publish","format-standard","has-post-thumbnail","hentry","category-tennis","category-uncategorized"],"_links":{"self":[{"href":"https:\/\/mfc08.de\/index.php?rest_route=\/wp\/v2\/posts\/1064","targetHints":{"allow":["GET"]}}],"collection":[{"href":"https:\/\/mfc08.de\/index.php?rest_route=\/wp\/v2\/posts"}],"about":[{"href":"https:\/\/mfc08.de\/index.php?rest_route=\/wp\/v2\/types\/post"}],"author":[{"embeddable":true,"href":"https:\/\/mfc08.de\/index.php?rest_route=\/wp\/v2\/users\/6"}],"replies":[{"embeddable":true,"href":"https:\/\/mfc08.de\/index.php?rest_route=%2Fwp%2Fv2%2Fcomments&post=1064"}],"version-history":[{"count":5,"href":"https:\/\/mfc08.de\/index.php?rest_route=\/wp\/v2\/posts\/1064\/revisions"}],"predecessor-version":[{"id":1072,"href":"https:\/\/mfc08.de\/index.php?rest_route=\/wp\/v2\/posts\/1064\/revisions\/1072"}],"wp:featuredmedia":[{"embeddable":true,"href":"https:\/\/mfc08.de\/index.php?rest_route=\/wp\/v2\/media\/981"}],"wp:attachment":[{"href":"https:\/\/mfc08.de\/index.php?rest_route=%2Fwp%2Fv2%2Fmedia&parent=1064"}],"wp:term":[{"taxonomy":"category","embeddable":true,"href":"https:\/\/mfc08.de\/index.php?rest_route=%2Fwp%2Fv2%2Fcategories&post=1064"},{"taxonomy":"post_tag","embeddable":true,"href":"https:\/\/mfc08.de\/index.php?rest_route=%2Fwp%2Fv2%2Ftags&post=1064"}],"curies":[{"name":"wp","href":"https:\/\/api.w.org\/{rel}","templated":true}]}}