{"id":1176,"date":"2020-06-26T12:17:45","date_gmt":"2020-06-26T12:17:45","guid":{"rendered":"https:\/\/mfc08.de\/?p=1176"},"modified":"2020-06-26T12:17:47","modified_gmt":"2020-06-26T12:17:47","slug":"tennis-ab-dem-01-07-20-ist-das-duschen-wieder-moeglich","status":"publish","type":"post","link":"https:\/\/mfc08.de\/?p=1176","title":{"rendered":"Tennis: ab dem 01.07.20 ist das Duschen wieder m\u00f6glich"},"content":{"rendered":"\n<p>Liebe Tennisspielerinnen und liebe Tennisspieler,<\/p>\n\n\n\n<p>es ist soweit. <a rel=\"noreferrer noopener\" href=\"https:\/\/km-bw.de\/CoronaVO+Sport+ab+1_+Juli\" target=\"_blank\">Hier<\/a> findet Ihr die ab dem 01.07.2020 g\u00fcltige Fassung der Corona Landesverordnung Sport, nach der ab dem 01.07.20 die Duschen und Umkleider\u00e4ume wieder genutzt werden d\u00fcrfen. Die geforderten Vorschriften sind u.E. einhaltbar.<\/p>\n\n\n\n<p>Wir w\u00fcnschen viel Spa\u00df beim Spiel.<\/p>\n","protected":false},"excerpt":{"rendered":"<p>Liebe Tennisspielerinnen und liebe Tennisspieler, es ist soweit. Hier findet Ihr die ab dem 01.07.2020 g\u00fcltige Fassung der Corona Landesverordnung Sport, nach der ab dem 01.07.20 die Duschen und Umkleider\u00e4ume wieder genutzt werden d\u00fcrfen. Die geforderten Vorschriften sind u.E. einhaltbar. Wir w\u00fcnschen viel Spa\u00df beim Spiel.<\/p>\n","protected":false},"author":6,"featured_media":511,"comment_status":"closed","ping_status":"open","sticky":false,"template":"","format":"standard","meta":{"neve_meta_sidebar":"","neve_meta_container":"","neve_meta_enable_content_width":"off","neve_meta_content_width":0,"neve_meta_title_alignment":"","neve_meta_author_avatar":"","neve_post_elements_order":"","neve_meta_disable_header":"","neve_meta_disable_footer":"","neve_meta_disable_title":"","_themeisle_gutenberg_block_has_review":false,"footnotes":""},"categories":[7,1],"tags":[],"class_list":["post-1176","post","type-post","status-publish","format-standard","has-post-thumbnail","hentry","category-tennis","category-uncategorized"],"_links":{"self":[{"href":"https:\/\/mfc08.de\/index.php?rest_route=\/wp\/v2\/posts\/1176","targetHints":{"allow":["GET"]}}],"collection":[{"href":"https:\/\/mfc08.de\/index.php?rest_route=\/wp\/v2\/posts"}],"about":[{"href":"https:\/\/mfc08.de\/index.php?rest_route=\/wp\/v2\/types\/post"}],"author":[{"embeddable":true,"href":"https:\/\/mfc08.de\/index.php?rest_route=\/wp\/v2\/users\/6"}],"replies":[{"embeddable":true,"href":"https:\/\/mfc08.de\/index.php?rest_route=%2Fwp%2Fv2%2Fcomments&post=1176"}],"version-history":[{"count":4,"href":"https:\/\/mfc08.de\/index.php?rest_route=\/wp\/v2\/posts\/1176\/revisions"}],"predecessor-version":[{"id":1193,"href":"https:\/\/mfc08.de\/index.php?rest_route=\/wp\/v2\/posts\/1176\/revisions\/1193"}],"wp:featuredmedia":[{"embeddable":true,"href":"https:\/\/mfc08.de\/index.php?rest_route=\/wp\/v2\/media\/511"}],"wp:attachment":[{"href":"https:\/\/mfc08.de\/index.php?rest_route=%2Fwp%2Fv2%2Fmedia&parent=1176"}],"wp:term":[{"taxonomy":"category","embeddable":true,"href":"https:\/\/mfc08.de\/index.php?rest_route=%2Fwp%2Fv2%2Fcategories&post=1176"},{"taxonomy":"post_tag","embeddable":true,"href":"https:\/\/mfc08.de\/index.php?rest_route=%2Fwp%2Fv2%2Ftags&post=1176"}],"curies":[{"name":"wp","href":"https:\/\/api.w.org\/{rel}","templated":true}]}}