{"id":1254,"date":"2020-07-26T18:39:46","date_gmt":"2020-07-26T18:39:46","guid":{"rendered":"https:\/\/mfc08.de\/?p=1254"},"modified":"2020-08-19T16:46:37","modified_gmt":"2020-08-19T16:46:37","slug":"vorbereitung-auf-neue-saison-laeuft","status":"publish","type":"post","link":"https:\/\/mfc08.de\/?p=1254","title":{"rendered":"Vorbereitung auf neue Saison l\u00e4uft"},"content":{"rendered":"\n<p>Nachdem die letzte Saison wegen der Corona-Pandemie ja im M\u00e4rz zun\u00e4chst unterbrochen und dann im Juni endg\u00fcltig abgebrochen wurde, l\u00e4uft jetzt die Vorbereitung f\u00fcr die neue Saison.<\/p>\n\n\n\n<p>Seit dem 1.7. darf wieder \u201arichtig\u2018&nbsp; trainiert werden und mittlerweile wurde auch der Saisonstart auf den 6.9. terminiert, der Kreispokal startet sogar schon am 15.8.<\/p>\n\n\n\n<p>Am Donnerstag, den 25.7. haben daher beide aktive Mannschaften wieder mit dem Training bekommen und haben somit 7 Wochen Zeit sich f\u00fcr die neue Saison einzuspielen.<\/p>\n\n\n\n<p>Bisher wurden folgende Freundschafts- bzw. Pokalspiele terminiert, wobei es hier ggf. noch zu \u00c4nderungen kommen kann<\/p>\n\n\n\n<figure class=\"wp-block-table\"><table><tbody><tr><td>Sonntag<\/td><td>09.08.20<\/td><td>17.00 Uhr<\/td><td>SV Schriesheim &#8211; MFC 08 Lindenhof<\/td><td>3:4<\/td><\/tr><tr><td><\/td><td><\/td><td><\/td><td>Germania Friedrichsfeld &#8211; MFC 08 Lindenhof (Pokal)<\/td><td><\/td><\/tr><tr><td><\/td><td><\/td><td><\/td><td><\/td><td><\/td><\/tr><tr><td>Sonntag&nbsp;&nbsp;&nbsp;&nbsp;&nbsp;&nbsp;&nbsp;&nbsp;<\/td><td>19.07.20<\/td><td>11.00 Uhr<\/td><td>MFC 08 Lindenhof 2 &#8211; FC Viktoria Neckarhausen<\/td><td>3:3<\/td><\/tr><tr><td>Sonntag<\/td><td>26.07.20<\/td><td>11.30 Uhr<\/td><td>SKV Sandhofen 2 &#8211; MFC 08 Lindenhof 2<\/td><td>2:4<\/td><\/tr><tr><td>Dienstag<\/td><td>28.07.20<\/td><td>19.30 Uhr<\/td><td>MFC 08 Lindenhof 2 &#8211; Polizei SV Mannheim 2<\/td><td>5:1<\/td><\/tr><tr><td>Sonntag<\/td><td>02.08.20<\/td><td>17.00 Uhr<\/td><td>MFC 08 Lindenhof 2- Spvgg Ilvesheim 2<\/td><td>3:3<\/td><\/tr><tr><td>Sonntag<\/td><td>09.08.20<\/td><td>15.00 Uhr<\/td><td>SV Schriesheim 2 &#8211; MFC 08 Lindenhof 2<\/td><td>5:3<\/td><\/tr><tr><td><\/td><td><\/td><td><\/td><td>MFC 08 Lindenhof 2 &#8211; FV 08 Hockenheim&nbsp; (Pokal)<\/td><td><\/td><\/tr><tr><td>Sonntag<\/td><td>30.08.20<\/td><td>14.30 Uhr<\/td><td>MFC 08 Lindenhof 2 &#8211; FC Badenia Hirschacker<\/td><td>&nbsp;<\/td><\/tr><tr><td><\/td><td><\/td><td><\/td><td><\/td><td><\/td><\/tr><tr><td>Sonntag<\/td><td>23.08.20<\/td><td>15:00 Uhr<\/td><td>MFC 08 Lindenhof Damen &#8211; 1. FFC Niederkirchen U20<\/td><td><\/td><\/tr><tr><td>Sonntag<\/td><td>30.08.20<\/td><td>17.00 Uhr<\/td><td>MFC 08 Lindenhof Damen &#8211; SpG Wilhelmsfeld\/Neuenheim (Pokal)<\/td><\/tr><tr><td>Sonntag<\/td><td>12.09.20<\/td><td>15.00 Uhr<\/td><td>FV Freinsheim &#8211; MFC 08 Lindenhof Damen<\/td><td><\/td><\/tr><tr><td><\/td><td><\/td><td><\/td><td><\/td><td><\/td><\/tr><tr><td>Sonntag<\/td><td>30.08.20<\/td><td>10.00 Uhr<\/td><td>MFC 08 Lindenhof BW &#8211; FK Srbija Mannheim PM<\/td><td><\/td><\/tr><\/tbody><\/table><\/figure>\n","protected":false},"excerpt":{"rendered":"<p>Nachdem die letzte Saison wegen der Corona-Pandemie ja im M\u00e4rz zun\u00e4chst unterbrochen und dann im Juni endg\u00fcltig abgebrochen wurde, l\u00e4uft jetzt die Vorbereitung f\u00fcr die neue Saison. Seit dem 1.7. darf wieder \u201arichtig\u2018&nbsp; trainiert werden und mittlerweile wurde auch der Saisonstart auf den 6.9. terminiert, der Kreispokal startet sogar schon am 15.8. Am Donnerstag, den&hellip;&nbsp;<a href=\"https:\/\/mfc08.de\/?p=1254\" rel=\"bookmark\">Weiterlesen &raquo;<span class=\"screen-reader-text\">Vorbereitung auf neue Saison l\u00e4uft<\/span><\/a><\/p>\n","protected":false},"author":5,"featured_media":1124,"comment_status":"closed","ping_status":"open","sticky":false,"template":"","format":"standard","meta":{"neve_meta_sidebar":"","neve_meta_container":"","neve_meta_enable_content_width":"off","neve_meta_content_width":0,"neve_meta_title_alignment":"","neve_meta_author_avatar":"","neve_post_elements_order":"","neve_meta_disable_header":"","neve_meta_disable_footer":"","neve_meta_disable_title":"","_themeisle_gutenberg_block_has_review":false,"footnotes":""},"categories":[3,5],"tags":[],"class_list":["post-1254","post","type-post","status-publish","format-standard","has-post-thumbnail","hentry","category-1-mannschaft","category-2-mannschaft"],"_links":{"self":[{"href":"https:\/\/mfc08.de\/index.php?rest_route=\/wp\/v2\/posts\/1254","targetHints":{"allow":["GET"]}}],"collection":[{"href":"https:\/\/mfc08.de\/index.php?rest_route=\/wp\/v2\/posts"}],"about":[{"href":"https:\/\/mfc08.de\/index.php?rest_route=\/wp\/v2\/types\/post"}],"author":[{"embeddable":true,"href":"https:\/\/mfc08.de\/index.php?rest_route=\/wp\/v2\/users\/5"}],"replies":[{"embeddable":true,"href":"https:\/\/mfc08.de\/index.php?rest_route=%2Fwp%2Fv2%2Fcomments&post=1254"}],"version-history":[{"count":5,"href":"https:\/\/mfc08.de\/index.php?rest_route=\/wp\/v2\/posts\/1254\/revisions"}],"predecessor-version":[{"id":1309,"href":"https:\/\/mfc08.de\/index.php?rest_route=\/wp\/v2\/posts\/1254\/revisions\/1309"}],"wp:featuredmedia":[{"embeddable":true,"href":"https:\/\/mfc08.de\/index.php?rest_route=\/wp\/v2\/media\/1124"}],"wp:attachment":[{"href":"https:\/\/mfc08.de\/index.php?rest_route=%2Fwp%2Fv2%2Fmedia&parent=1254"}],"wp:term":[{"taxonomy":"category","embeddable":true,"href":"https:\/\/mfc08.de\/index.php?rest_route=%2Fwp%2Fv2%2Fcategories&post=1254"},{"taxonomy":"post_tag","embeddable":true,"href":"https:\/\/mfc08.de\/index.php?rest_route=%2Fwp%2Fv2%2Ftags&post=1254"}],"curies":[{"name":"wp","href":"https:\/\/api.w.org\/{rel}","templated":true}]}}