{"id":1288,"date":"2020-08-05T18:37:12","date_gmt":"2020-08-05T18:37:12","guid":{"rendered":"https:\/\/mfc08.de\/?p=1288"},"modified":"2020-08-05T18:37:14","modified_gmt":"2020-08-05T18:37:14","slug":"spielplaene-sind-da","status":"publish","type":"post","link":"https:\/\/mfc08.de\/?p=1288","title":{"rendered":"Spielpl\u00e4ne sind da"},"content":{"rendered":"\n<p>Schon seit l\u00e4ngerem stand als Termin f\u00fcr den Start die neue Saison der 6.9 im Raum stand und dieser wurde jetzt mit der Ver\u00f6ffentlichung der Spielpl\u00e4ne offiziell best\u00f6tigt.<\/p>\n\n\n\n<p>Am 6.9. starten somit die aktiven Herren-Mannschaften mit einem Heim-Spieltag in die Runde.<\/p>\n\n\n\n<p>Den Anfang macht um 9.30 Uhr die PM Blau-Wei\u00df, die den TSV Sch\u00f6nau empf\u00e4ngt.<\/p>\n\n\n\n<p>Um 13.00 Uhr trifft die zweite Mannschaft auf die SG Oftersheim 2 und <\/p>\n\n\n\n<p>schlie\u00dflich startet um 16.00 die erste Mannschaft gegen die SG Hemsbach in die neue Saison. (16 Uhr ist generell die Anfangszeit f\u00fcr die Erste)       <\/p>\n\n\n\n<p>          <\/p>\n","protected":false},"excerpt":{"rendered":"<p>Schon seit l\u00e4ngerem stand als Termin f\u00fcr den Start die neue Saison der 6.9 im Raum stand und dieser wurde jetzt mit der Ver\u00f6ffentlichung der Spielpl\u00e4ne offiziell best\u00f6tigt. Am 6.9. starten somit die aktiven Herren-Mannschaften mit einem Heim-Spieltag in die Runde. Den Anfang macht um 9.30 Uhr die PM Blau-Wei\u00df, die den TSV Sch\u00f6nau empf\u00e4ngt.&hellip;&nbsp;<a href=\"https:\/\/mfc08.de\/?p=1288\" rel=\"bookmark\">Weiterlesen &raquo;<span class=\"screen-reader-text\">Spielpl\u00e4ne sind da<\/span><\/a><\/p>\n","protected":false},"author":5,"featured_media":1124,"comment_status":"closed","ping_status":"open","sticky":false,"template":"","format":"standard","meta":{"neve_meta_sidebar":"","neve_meta_container":"","neve_meta_enable_content_width":"off","neve_meta_content_width":0,"neve_meta_title_alignment":"","neve_meta_author_avatar":"","neve_post_elements_order":"","neve_meta_disable_header":"","neve_meta_disable_footer":"","neve_meta_disable_title":"","_themeisle_gutenberg_block_has_review":false,"footnotes":""},"categories":[3,5,10],"tags":[],"class_list":["post-1288","post","type-post","status-publish","format-standard","has-post-thumbnail","hentry","category-1-mannschaft","category-2-mannschaft","category-blauweiss"],"_links":{"self":[{"href":"https:\/\/mfc08.de\/index.php?rest_route=\/wp\/v2\/posts\/1288","targetHints":{"allow":["GET"]}}],"collection":[{"href":"https:\/\/mfc08.de\/index.php?rest_route=\/wp\/v2\/posts"}],"about":[{"href":"https:\/\/mfc08.de\/index.php?rest_route=\/wp\/v2\/types\/post"}],"author":[{"embeddable":true,"href":"https:\/\/mfc08.de\/index.php?rest_route=\/wp\/v2\/users\/5"}],"replies":[{"embeddable":true,"href":"https:\/\/mfc08.de\/index.php?rest_route=%2Fwp%2Fv2%2Fcomments&post=1288"}],"version-history":[{"count":1,"href":"https:\/\/mfc08.de\/index.php?rest_route=\/wp\/v2\/posts\/1288\/revisions"}],"predecessor-version":[{"id":1289,"href":"https:\/\/mfc08.de\/index.php?rest_route=\/wp\/v2\/posts\/1288\/revisions\/1289"}],"wp:featuredmedia":[{"embeddable":true,"href":"https:\/\/mfc08.de\/index.php?rest_route=\/wp\/v2\/media\/1124"}],"wp:attachment":[{"href":"https:\/\/mfc08.de\/index.php?rest_route=%2Fwp%2Fv2%2Fmedia&parent=1288"}],"wp:term":[{"taxonomy":"category","embeddable":true,"href":"https:\/\/mfc08.de\/index.php?rest_route=%2Fwp%2Fv2%2Fcategories&post=1288"},{"taxonomy":"post_tag","embeddable":true,"href":"https:\/\/mfc08.de\/index.php?rest_route=%2Fwp%2Fv2%2Ftags&post=1288"}],"curies":[{"name":"wp","href":"https:\/\/api.w.org\/{rel}","templated":true}]}}