{"id":1320,"date":"2020-09-02T20:45:42","date_gmt":"2020-09-02T20:45:42","guid":{"rendered":"https:\/\/mfc08.de\/?p=1320"},"modified":"2020-09-02T20:46:56","modified_gmt":"2020-09-02T20:46:56","slug":"es-geht-wieder-los","status":"publish","type":"post","link":"https:\/\/mfc08.de\/?p=1320","title":{"rendered":"Es geht wieder los"},"content":{"rendered":"\n<p>Nachdem seit Mitte M\u00e4rz der Spielbetrieb ruhte und die Saison 2019\/20 vorzeitig abgebrochen wurde, geht es am Sonntag endlich wieder los.<\/p>\n\n\n\n<p><strong>Am 6.9. starten die aktiven Mannschaften des MFC mit Heimspielen in die neue Saison.<\/strong><\/p>\n\n\n\n<p><strong>Den Anfang macht um 09.30 Uhr die PM, die auf den TSV Sch\u00f6nau trifft,<\/strong><\/p>\n\n\n\n<p><strong>es folgt um 13.00 Uhr die Zweite Mannschaft, die die SG Oftersheim 2 empf\u00e4ngt<\/strong><\/p>\n\n\n\n<p><strong>und schlie\u00dflich startet um 16.00 die erste Mannschaft gegen die SG Hemsbach in die Saison.<\/strong><\/p>\n\n\n\n<p>Bei der ersten Mannschaft wurde der Kader im Vergleich zur letzten Saison deutlich verbreitert und Ziel ist es diesmal sich von den Abstiegsr\u00e4ngen fern zu halten und einen Platz im sicheren Mittelfeld zu belegen. Vom letztj\u00e4hrigen Kader hat lediglich Fabian Wei\u00df den Verein verlassen. Wieder zur\u00fcckgekehrt ist Nunzio Carotenuto, der mit seiner Erfahrung helfen soll, die Defensive zu stabilisieren. Mit ihm kamen die beiden Offensiv-Kr\u00e4fte Ivan Vlaho und Adrian Schmitt vom SC Pfingstberg-Hochst\u00e4tt. Beide haben dort ihre Torgefahr unter Beweis gestellt und sollen jetzt f\u00fcr mehr Durchschlagskraft im Angriff sorgen. Unterst\u00fctzt werden sollen sie dabei auch von Patrick Pretzer, der aus dem Verbandsliga-Kader des VfB Gartenstadt zum MFC wechselte. Mit Marcus Joswig und Fatih Beder kommen 2 Spieler in den Kader, die schon h\u00f6herklassig gespielt haben und jetzt nach einer Pause wieder anfangen. Felix Nasswetter und Fabian Puente-Gutierrez sind 2 junge Spieler, die in der Jugend beim SV Schwetzingen ausgebildet wurden und nach einem kurzen Gastspiel beim FC Germania Friedrichsfeld jetzt im Senioren-Bereich durchstarten wollen. Und schlie\u00dflich kam mit Thimo Sona ein Spieler vom pf\u00e4lzischen VfL Hainfeld zum MFC.<\/p>\n\n\n\n<p>Gemeinsam mit dem verbliebenen Stamm der letzten Saison hofft unser Trainer Patrick Heinzelmann ein schlagkr\u00e4ftiges Team formen zu k\u00f6nnen, dass eine bessere Saison als die Letzte spielt, und das o.g. Ziel erreicht.<\/p>\n\n\n\n<p>Die zweite Mannschaft geht mit weitgehend dem gleichen Kader in die neue Saison und hofft erneut im Kampf um den Aufstieg ein W\u00f6rtchen mitreden zu k\u00f6nnen. \u00a0\u00a0\u00a0\u00a0\u00a0\u00a0\u00a0\u00a0\u00a0\u00a0\u00a0\u00a0\u00a0\u00a0\u00a0\u00a0\u00a0\u00a0\u00a0\u00a0\u00a0\u00a0\u00a0\u00a0\u00a0\u00a0\u00a0\u00a0\u00a0\u00a0\u00a0\u00a0<\/p>\n","protected":false},"excerpt":{"rendered":"<p>Nachdem seit Mitte M\u00e4rz der Spielbetrieb ruhte und die Saison 2019\/20 vorzeitig abgebrochen wurde, geht es am Sonntag endlich wieder los. Am 6.9. starten die aktiven Mannschaften des MFC mit Heimspielen in die neue Saison. Den Anfang macht um 09.30 Uhr die PM, die auf den TSV Sch\u00f6nau trifft, es folgt um 13.00 Uhr die&hellip;&nbsp;<a href=\"https:\/\/mfc08.de\/?p=1320\" rel=\"bookmark\">Weiterlesen &raquo;<span class=\"screen-reader-text\">Es geht wieder los<\/span><\/a><\/p>\n","protected":false},"author":5,"featured_media":1124,"comment_status":"closed","ping_status":"open","sticky":false,"template":"","format":"standard","meta":{"neve_meta_sidebar":"","neve_meta_container":"","neve_meta_enable_content_width":"off","neve_meta_content_width":0,"neve_meta_title_alignment":"","neve_meta_author_avatar":"","neve_post_elements_order":"","neve_meta_disable_header":"","neve_meta_disable_footer":"","neve_meta_disable_title":"","_themeisle_gutenberg_block_has_review":false,"footnotes":""},"categories":[3],"tags":[],"class_list":["post-1320","post","type-post","status-publish","format-standard","has-post-thumbnail","hentry","category-1-mannschaft"],"_links":{"self":[{"href":"https:\/\/mfc08.de\/index.php?rest_route=\/wp\/v2\/posts\/1320","targetHints":{"allow":["GET"]}}],"collection":[{"href":"https:\/\/mfc08.de\/index.php?rest_route=\/wp\/v2\/posts"}],"about":[{"href":"https:\/\/mfc08.de\/index.php?rest_route=\/wp\/v2\/types\/post"}],"author":[{"embeddable":true,"href":"https:\/\/mfc08.de\/index.php?rest_route=\/wp\/v2\/users\/5"}],"replies":[{"embeddable":true,"href":"https:\/\/mfc08.de\/index.php?rest_route=%2Fwp%2Fv2%2Fcomments&post=1320"}],"version-history":[{"count":2,"href":"https:\/\/mfc08.de\/index.php?rest_route=\/wp\/v2\/posts\/1320\/revisions"}],"predecessor-version":[{"id":1322,"href":"https:\/\/mfc08.de\/index.php?rest_route=\/wp\/v2\/posts\/1320\/revisions\/1322"}],"wp:featuredmedia":[{"embeddable":true,"href":"https:\/\/mfc08.de\/index.php?rest_route=\/wp\/v2\/media\/1124"}],"wp:attachment":[{"href":"https:\/\/mfc08.de\/index.php?rest_route=%2Fwp%2Fv2%2Fmedia&parent=1320"}],"wp:term":[{"taxonomy":"category","embeddable":true,"href":"https:\/\/mfc08.de\/index.php?rest_route=%2Fwp%2Fv2%2Fcategories&post=1320"},{"taxonomy":"post_tag","embeddable":true,"href":"https:\/\/mfc08.de\/index.php?rest_route=%2Fwp%2Fv2%2Ftags&post=1320"}],"curies":[{"name":"wp","href":"https:\/\/api.w.org\/{rel}","templated":true}]}}