{"id":1323,"date":"2020-09-06T18:18:42","date_gmt":"2020-09-06T18:18:42","guid":{"rendered":"https:\/\/mfc08.de\/?p=1323"},"modified":"2020-09-06T18:18:43","modified_gmt":"2020-09-06T18:18:43","slug":"mfc-08-lindenhof-2-sg-oftersheim-2-52-21","status":"publish","type":"post","link":"https:\/\/mfc08.de\/?p=1323","title":{"rendered":"MFC 08 Lindenhof 2 &#8211; SG Oftersheim 2  5:2 (2:1)"},"content":{"rendered":"\n<p><\/p>\n\n\n\n<p>Mit einem verdienten 5:2 Erfolg gegen die SG Oftersheim 2 startete die zweite Mannschaft in die neue Saison.<\/p>\n\n\n\n<p>Es entwickelte sich von Anfang an ein unterhaltsames Spiel, in dem beide Mannschaften offensiv zu Werke gingen und spielerisch durchaus ansehbares anboten. Der MFC zwar von Anfang an mit mehr Spielanteilen, aber auch die G\u00e4ste versteckten sich durchaus nicht. Nachdem zun\u00e4chst noch einige Chancen nicht genutzt wurden, gelang dann Mitte der ersten Halbzeit doch die F\u00fchrung. Nach einem Querschl\u00e4ger in der Oftersheimer Abwehr kam Mathias Roesinger an den Ball und seine Flanke k\u00f6pfte Eugen Kalicinenko zum 1:0 ein. Doch diese F\u00fchrung hielt nicht lange. Nach einem Zweikampf im Strafraum bekamen die G\u00e4ste einen Elfmeter zugesprochen und verwandelten diesen sicher zum Ausgleich. Doch wiederum nur kurze Zeit sp\u00e4ter erzielte Mathias Roesinger auf Zuspiel von Thimo Sona die erneute F\u00fchrung. Kurz vor der Pause dann fast das 3:1, doch ein Freisto\u00df von Amine Ghebreselasie knallte nur an die Latte, der Abpraller landete wieder bei ihm und nach einem Solo an mehreren Gegnern vorbei, scheiterte er am Torwart. Somit ging es mit 2:1 in die Pause. Auch nach der Pause ein \u00e4hnlicher Spielverlauf und mit einem Doppelschlag gelang dann doch relativ fr\u00fch die Entscheidung. Zun\u00e4chst konnte Christian Ingrasci auf 3:1 erh\u00f6hen und kurz darauf gab es Elfmeter f\u00fcr den MFC, den Mathias Roesinger ebenfalls souver\u00e4n zum 4:1 verwandelte. Oftersheim lie\u00df sich auch davon nicht entmutigen und spielte weiter nach vorne, kam auch zu einigen Chancen, aber ein Treffer wollte zun\u00e4chst nicht gelingen. Auf der anderen Seite kam auch unsere Zweite zu vielen guten Konterchancen, die aber nicht konsequent genug zu Ende gespielt wurden.  Kurz vor Schluss erh\u00f6hte dann Niels Kiefer auf Zuspiel von Sebastiano Fallico auf 5:1, ehe den G\u00e4sten dann doch noch die Ergebiskosmetik zum 5:2 Endstand gelang. &nbsp;&nbsp;&nbsp;&nbsp;<\/p>\n\n\n\n<p>Am n\u00e4chsten Sonntag geht es zum SV Rohrhof 2 und da gilt es an die Leistung anzukn\u00fcpfen und sich damit nach M\u00f6glichkeit gleich im Spitzenfeld festzusetzen &nbsp;&nbsp;&nbsp;&nbsp;&nbsp;&nbsp;&nbsp;&nbsp;&nbsp;&nbsp;<\/p>\n","protected":false},"excerpt":{"rendered":"<p>Mit einem verdienten 5:2 Erfolg gegen die SG Oftersheim 2 startete die zweite Mannschaft in die neue Saison. Es entwickelte sich von Anfang an ein unterhaltsames Spiel, in dem beide Mannschaften offensiv zu Werke gingen und spielerisch durchaus ansehbares anboten. Der MFC zwar von Anfang an mit mehr Spielanteilen, aber auch die G\u00e4ste versteckten sich&hellip;&nbsp;<a href=\"https:\/\/mfc08.de\/?p=1323\" rel=\"bookmark\">Weiterlesen &raquo;<span class=\"screen-reader-text\">MFC 08 Lindenhof 2 &#8211; SG Oftersheim 2  5:2 (2:1)<\/span><\/a><\/p>\n","protected":false},"author":5,"featured_media":0,"comment_status":"closed","ping_status":"open","sticky":false,"template":"","format":"standard","meta":{"neve_meta_sidebar":"","neve_meta_container":"","neve_meta_enable_content_width":"off","neve_meta_content_width":0,"neve_meta_title_alignment":"","neve_meta_author_avatar":"","neve_post_elements_order":"","neve_meta_disable_header":"","neve_meta_disable_footer":"","neve_meta_disable_title":"","_themeisle_gutenberg_block_has_review":false,"footnotes":""},"categories":[5],"tags":[],"class_list":["post-1323","post","type-post","status-publish","format-standard","hentry","category-2-mannschaft"],"_links":{"self":[{"href":"https:\/\/mfc08.de\/index.php?rest_route=\/wp\/v2\/posts\/1323","targetHints":{"allow":["GET"]}}],"collection":[{"href":"https:\/\/mfc08.de\/index.php?rest_route=\/wp\/v2\/posts"}],"about":[{"href":"https:\/\/mfc08.de\/index.php?rest_route=\/wp\/v2\/types\/post"}],"author":[{"embeddable":true,"href":"https:\/\/mfc08.de\/index.php?rest_route=\/wp\/v2\/users\/5"}],"replies":[{"embeddable":true,"href":"https:\/\/mfc08.de\/index.php?rest_route=%2Fwp%2Fv2%2Fcomments&post=1323"}],"version-history":[{"count":2,"href":"https:\/\/mfc08.de\/index.php?rest_route=\/wp\/v2\/posts\/1323\/revisions"}],"predecessor-version":[{"id":1325,"href":"https:\/\/mfc08.de\/index.php?rest_route=\/wp\/v2\/posts\/1323\/revisions\/1325"}],"wp:attachment":[{"href":"https:\/\/mfc08.de\/index.php?rest_route=%2Fwp%2Fv2%2Fmedia&parent=1323"}],"wp:term":[{"taxonomy":"category","embeddable":true,"href":"https:\/\/mfc08.de\/index.php?rest_route=%2Fwp%2Fv2%2Fcategories&post=1323"},{"taxonomy":"post_tag","embeddable":true,"href":"https:\/\/mfc08.de\/index.php?rest_route=%2Fwp%2Fv2%2Ftags&post=1323"}],"curies":[{"name":"wp","href":"https:\/\/api.w.org\/{rel}","templated":true}]}}