{"id":1326,"date":"2020-09-06T18:51:52","date_gmt":"2020-09-06T18:51:52","guid":{"rendered":"https:\/\/mfc08.de\/?p=1326"},"modified":"2020-09-06T18:57:51","modified_gmt":"2020-09-06T18:57:51","slug":"mfc-08-lindenhof-sg-hemsbach-02-00","status":"publish","type":"post","link":"https:\/\/mfc08.de\/?p=1326","title":{"rendered":"MFC 08 Lindenhof &#8211; SG Hemsbach 0:2 (0:0)"},"content":{"rendered":"\n<p><\/p>\n\n\n\n<p>Durch eine 0:2 Niederlage gegen die SG Hemsbach legte die erste Mannschaft leider einen Fehlstart in die neue Saison hin.<\/p>\n\n\n\n<p>Die Hemsbacher starteten etwas engagierter und zielstrebiger in die Partie und konnten sich somit ein leichtes \u00dcbergewicht erspielen. Erstmals richtig brenzlig wurde es nach einer Viertelstunde. Nach einem Ballverlust in eigentlich aussichtsreicher Position spielten die Hemsbacher einen Konter und konnten trotz mehrerer Abschl\u00fcsse aus kurzer Distanz den Ball nicht im Tor unterbringen. Kurz danach dann Gl\u00fcck f\u00fcr die G\u00e4ste. In Erwartung eines Freisto\u00dfes kam es zu einer Rangelei, bei der sich ein Hemsbacher St\u00fcrmer zu einer T\u00e4tlichkeit hinrei\u00dfen lie\u00df, die aber von dem schwachen Schiedsrichter v\u00f6llig unverst\u00e4ndlich nur mit einer gelben Karte geahndet wurde. Bis zur Pause blieb Hemsbach weiterhin spielbestimmend, es ging aber torlos in die Pause. Kurz nach dem Wechsel gingen die G\u00e4ste nicht unverdient in F\u00fchrung. Eine eigentlich harmlose Flanke wurde schlecht in die Mitte gekl\u00e4rt und ausgerechnet der St\u00fcrmer, der eigentlich nicht mehr auf dem Platz h\u00e4tte stehen d\u00fcrfen, traf per Sonntagsschuss genau in den Winkel. Schon kurz darauf fast der Ausgleich, aber einen Schuss von Ivan Vlaho konnte der G\u00e4stekeeper per Fu\u00dfabwehr entsch\u00e4rfen. Die n\u00e4chste Chance geh\u00f6rte wieder den G\u00e4sten, doch diesmal behielt Timo Jehle gegen einen frei vor ihm auftauchenden St\u00fcrmer die Oberhand. In der Folgezeit lag mehrfach der Ausgleich in der Luft und h\u00e4tte in dieser Phase eigentlich fallen m\u00fcssen. Zweimal kam David nach Freist\u00f6\u00dfen frei zum Kopfball, konnte diese aber nicht auf das Tor bringen und nach einem Pass von Ivan Vlaho vergab er frei vor dem gegnerischen Torwart \u00fcberhastet. Nach einem sch\u00f6nen Pass von Christian Bauer tauchte dann auch Gianfranco Scopelliti frei vor dem Hemsbacher Torwart auf, setzte den Ball aber neben das Tor. Auf der anderen Seite lie\u00dfen die G\u00e4ste zum Gl\u00fcck einige vielversprechende Konter ebenfalls liegen. Kurz vor Schluss dann aber doch die Entscheidung. Einen gef\u00e4hrlichen Freisto\u00df konnte Timo Jehle parieren, doch der Abpraller landete erneut bei einem G\u00e4ste-St\u00fcrmer, der mit einem weiteren Sonntagsschuss, der vom Innenpfosten ins Tor prallte, das 2:0 erzielte. Dies war auch gleichzeitig der Endstand.<\/p>\n\n\n\n<p>Im n\u00e4chsten Spiel geht es zum SV Enosis Mannheim und hier gilt es nach M\u00f6glichkeit zu punkten, um nicht sofort in den hinteren Tabellenregionen h\u00e4ngen zu bleiben &nbsp;&nbsp;&nbsp;&nbsp;&nbsp;&nbsp;&nbsp;&nbsp;&nbsp;&nbsp;&nbsp;&nbsp;&nbsp;&nbsp;&nbsp;&nbsp;&nbsp;&nbsp;&nbsp;<\/p>\n","protected":false},"excerpt":{"rendered":"<p>Durch eine 0:2 Niederlage gegen die SG Hemsbach legte die erste Mannschaft leider einen Fehlstart in die neue Saison hin. Die Hemsbacher starteten etwas engagierter und zielstrebiger in die Partie und konnten sich somit ein leichtes \u00dcbergewicht erspielen. Erstmals richtig brenzlig wurde es nach einer Viertelstunde. Nach einem Ballverlust in eigentlich aussichtsreicher Position spielten die&hellip;&nbsp;<a href=\"https:\/\/mfc08.de\/?p=1326\" rel=\"bookmark\">Weiterlesen &raquo;<span class=\"screen-reader-text\">MFC 08 Lindenhof &#8211; SG Hemsbach 0:2 (0:0)<\/span><\/a><\/p>\n","protected":false},"author":5,"featured_media":572,"comment_status":"closed","ping_status":"open","sticky":false,"template":"","format":"standard","meta":{"neve_meta_sidebar":"","neve_meta_container":"","neve_meta_enable_content_width":"off","neve_meta_content_width":0,"neve_meta_title_alignment":"","neve_meta_author_avatar":"","neve_post_elements_order":"","neve_meta_disable_header":"","neve_meta_disable_footer":"","neve_meta_disable_title":"","_themeisle_gutenberg_block_has_review":false,"footnotes":""},"categories":[3],"tags":[],"class_list":["post-1326","post","type-post","status-publish","format-standard","has-post-thumbnail","hentry","category-1-mannschaft"],"_links":{"self":[{"href":"https:\/\/mfc08.de\/index.php?rest_route=\/wp\/v2\/posts\/1326","targetHints":{"allow":["GET"]}}],"collection":[{"href":"https:\/\/mfc08.de\/index.php?rest_route=\/wp\/v2\/posts"}],"about":[{"href":"https:\/\/mfc08.de\/index.php?rest_route=\/wp\/v2\/types\/post"}],"author":[{"embeddable":true,"href":"https:\/\/mfc08.de\/index.php?rest_route=\/wp\/v2\/users\/5"}],"replies":[{"embeddable":true,"href":"https:\/\/mfc08.de\/index.php?rest_route=%2Fwp%2Fv2%2Fcomments&post=1326"}],"version-history":[{"count":1,"href":"https:\/\/mfc08.de\/index.php?rest_route=\/wp\/v2\/posts\/1326\/revisions"}],"predecessor-version":[{"id":1327,"href":"https:\/\/mfc08.de\/index.php?rest_route=\/wp\/v2\/posts\/1326\/revisions\/1327"}],"wp:featuredmedia":[{"embeddable":true,"href":"https:\/\/mfc08.de\/index.php?rest_route=\/wp\/v2\/media\/572"}],"wp:attachment":[{"href":"https:\/\/mfc08.de\/index.php?rest_route=%2Fwp%2Fv2%2Fmedia&parent=1326"}],"wp:term":[{"taxonomy":"category","embeddable":true,"href":"https:\/\/mfc08.de\/index.php?rest_route=%2Fwp%2Fv2%2Fcategories&post=1326"},{"taxonomy":"post_tag","embeddable":true,"href":"https:\/\/mfc08.de\/index.php?rest_route=%2Fwp%2Fv2%2Ftags&post=1326"}],"curies":[{"name":"wp","href":"https:\/\/api.w.org\/{rel}","templated":true}]}}