{"id":1333,"date":"2020-09-20T19:26:27","date_gmt":"2020-09-20T19:26:27","guid":{"rendered":"https:\/\/mfc08.de\/?p=1333"},"modified":"2020-09-20T19:27:55","modified_gmt":"2020-09-20T19:27:55","slug":"mfc-08-lindenhof-2-sv-altlussheim-2-190-100","status":"publish","type":"post","link":"https:\/\/mfc08.de\/?p=1333","title":{"rendered":"MFC 08 Lindenhof 2 &#8211; SV Altlu\u00dfheim 2 19:0 (10:0)"},"content":{"rendered":"\n<p>Mit einem 19:0 Kantersieg gegen den SV Altlu\u00dfheim 2 feierte die zweite Mannschaft den 3. Sieg im 3. Spiel und \u00fcbernahm damit auch die Tabellenf\u00fchrung.<\/p>\n\n\n\n<p>Von Anfang an gab es keinen Zweifel, dass unsere Zweite dieses Spiel sicher f\u00fcr sich entscheiden w\u00fcrde. Bereits nach 8 Minuten stand es nach Treffern von Fatih Beder, David Breitenbach und erneut Fatih Beder 3:0. Auch danach spielte das Team konsequent nach vorne und erh\u00f6hte noch in der ersten Halbzeit durch 3x Thimo Sona, 2x David Breitenbach, Steffen Kerber und Mathias Roesinger auf 10:0. Auch in der zweiten Halbzeit \u00e4nderte sich nichts an dem einseitigen Spieleverlauf. In regelm\u00e4ssigen Abst\u00e4nden fielen durch 2x Mathias Roesinger, 2x Sebastiano Fallico, Thimo Sona, Marcel Thiel, Eugen Kalinicenko und Christian Ingrasci, sowie durch 1 Eigentor die weiteren Treffer zum 19:0 Endstand gegen die hoffnungslos unterlegenen G\u00e4ste. Positiv zu sehen war, dass die Partie trotz des hohen Ergebnisses von beiden Mannschaften absolut sportlich fair zu Ende gespielt wurde.<\/p>\n\n\n\n<p>Im n\u00e4chsten Spiel beim SC Olympia Neulu\u00dfheim 2 gilt es jetzt die Spitzenposition zu verteidigen<\/p>\n","protected":false},"excerpt":{"rendered":"<p>Mit einem 19:0 Kantersieg gegen den SV Altlu\u00dfheim 2 feierte die zweite Mannschaft den 3. Sieg im 3. Spiel und \u00fcbernahm damit auch die Tabellenf\u00fchrung. Von Anfang an gab es keinen Zweifel, dass unsere Zweite dieses Spiel sicher f\u00fcr sich entscheiden w\u00fcrde. Bereits nach 8 Minuten stand es nach Treffern von Fatih Beder, David Breitenbach&hellip;&nbsp;<a href=\"https:\/\/mfc08.de\/?p=1333\" rel=\"bookmark\">Weiterlesen &raquo;<span class=\"screen-reader-text\">MFC 08 Lindenhof 2 &#8211; SV Altlu\u00dfheim 2 19:0 (10:0)<\/span><\/a><\/p>\n","protected":false},"author":5,"featured_media":0,"comment_status":"closed","ping_status":"open","sticky":false,"template":"","format":"standard","meta":{"neve_meta_sidebar":"","neve_meta_container":"","neve_meta_enable_content_width":"off","neve_meta_content_width":0,"neve_meta_title_alignment":"","neve_meta_author_avatar":"","neve_post_elements_order":"","neve_meta_disable_header":"","neve_meta_disable_footer":"","neve_meta_disable_title":"","_themeisle_gutenberg_block_has_review":false,"footnotes":""},"categories":[5],"tags":[],"class_list":["post-1333","post","type-post","status-publish","format-standard","hentry","category-2-mannschaft"],"_links":{"self":[{"href":"https:\/\/mfc08.de\/index.php?rest_route=\/wp\/v2\/posts\/1333","targetHints":{"allow":["GET"]}}],"collection":[{"href":"https:\/\/mfc08.de\/index.php?rest_route=\/wp\/v2\/posts"}],"about":[{"href":"https:\/\/mfc08.de\/index.php?rest_route=\/wp\/v2\/types\/post"}],"author":[{"embeddable":true,"href":"https:\/\/mfc08.de\/index.php?rest_route=\/wp\/v2\/users\/5"}],"replies":[{"embeddable":true,"href":"https:\/\/mfc08.de\/index.php?rest_route=%2Fwp%2Fv2%2Fcomments&post=1333"}],"version-history":[{"count":2,"href":"https:\/\/mfc08.de\/index.php?rest_route=\/wp\/v2\/posts\/1333\/revisions"}],"predecessor-version":[{"id":1335,"href":"https:\/\/mfc08.de\/index.php?rest_route=\/wp\/v2\/posts\/1333\/revisions\/1335"}],"wp:attachment":[{"href":"https:\/\/mfc08.de\/index.php?rest_route=%2Fwp%2Fv2%2Fmedia&parent=1333"}],"wp:term":[{"taxonomy":"category","embeddable":true,"href":"https:\/\/mfc08.de\/index.php?rest_route=%2Fwp%2Fv2%2Fcategories&post=1333"},{"taxonomy":"post_tag","embeddable":true,"href":"https:\/\/mfc08.de\/index.php?rest_route=%2Fwp%2Fv2%2Ftags&post=1333"}],"curies":[{"name":"wp","href":"https:\/\/api.w.org\/{rel}","templated":true}]}}