{"id":1653,"date":"2020-10-17T13:42:13","date_gmt":"2020-10-17T13:42:13","guid":{"rendered":"https:\/\/mfc08.de\/?p=1653"},"modified":"2020-10-17T17:05:11","modified_gmt":"2020-10-17T17:05:11","slug":"hauptversammlung-2020","status":"publish","type":"post","link":"https:\/\/mfc08.de\/?p=1653","title":{"rendered":"Hauptversammlung 2020"},"content":{"rendered":"\t\t<div data-elementor-type=\"wp-post\" data-elementor-id=\"1653\" class=\"elementor elementor-1653\">\n\t\t\t\t\t\t<section class=\"elementor-section elementor-top-section elementor-element elementor-element-231ce3a elementor-section-boxed elementor-section-height-default elementor-section-height-default\" data-id=\"231ce3a\" data-element_type=\"section\" data-e-type=\"section\">\n\t\t\t\t\t\t<div class=\"elementor-container elementor-column-gap-default\">\n\t\t\t\t\t<div class=\"elementor-column elementor-col-100 elementor-top-column elementor-element elementor-element-166012c\" data-id=\"166012c\" data-element_type=\"column\" data-e-type=\"column\">\n\t\t\t<div class=\"elementor-widget-wrap elementor-element-populated\">\n\t\t\t\t\t\t<div class=\"elementor-element elementor-element-1dc10e5 elementor-widget elementor-widget-image\" data-id=\"1dc10e5\" data-element_type=\"widget\" data-e-type=\"widget\" data-widget_type=\"image.default\">\n\t\t\t\t<div class=\"elementor-widget-container\">\n\t\t\t\t\t\t\t\t\t\t\t\t\t\t\t<img decoding=\"async\" src=\"https:\/\/mfc08.de\/wp-content\/uploads\/elementor\/thumbs\/Ehrenvorsitzender-ox1ynozwe6m7vi8150yo2esl9oiqtnknp9petawbgg.jpg\" title=\"Ehrenvorsitzender\" alt=\"Ehrenvorsitzender\" loading=\"lazy\" \/>\t\t\t\t\t\t\t\t\t\t\t\t\t\t\t<\/div>\n\t\t\t\t<\/div>\n\t\t\t\t\t<\/div>\n\t\t<\/div>\n\t\t\t\t\t<\/div>\n\t\t<\/section>\n\t\t\t\t<section class=\"elementor-section elementor-top-section elementor-element elementor-element-d44d8b8 elementor-section-boxed elementor-section-height-default elementor-section-height-default\" data-id=\"d44d8b8\" data-element_type=\"section\" data-e-type=\"section\">\n\t\t\t\t\t\t<div class=\"elementor-container elementor-column-gap-default\">\n\t\t\t\t\t<div class=\"elementor-column elementor-col-100 elementor-top-column elementor-element elementor-element-64f6cdd6\" data-id=\"64f6cdd6\" data-element_type=\"column\" data-e-type=\"column\">\n\t\t\t<div class=\"elementor-widget-wrap elementor-element-populated\">\n\t\t\t\t\t\t<div class=\"elementor-element elementor-element-295cb285 elementor-widget elementor-widget-text-editor\" data-id=\"295cb285\" data-element_type=\"widget\" data-e-type=\"widget\" data-widget_type=\"text-editor.default\">\n\t\t\t\t<div class=\"elementor-widget-container\">\n\t\t\t\t\t\t\t\t\t\n<p>Am Freitag den 9. Oktober 2020 fand in den R\u00e4umlichkeiten des Vereinslokals die urspr\u00fcnglich auf den 27. M\u00e4rz 2020 terminierte Hauptversammlung endlich statt. An einem sehr harmonisch verlaufenen Abend standen vor allem die Neuwahlen im Vordergrund. Da der seit 18 Jahren amtierende Vorsitzende Klaus Hartel nicht mehr kandidierte, war insbesondere diese Position neu zu besetzen. Auf Grund zahlreicher guter Gespr\u00e4che im Vorfeld der Versammlung konnte den Mitgliedern die neue F\u00fchrungsriege vorgestellt und als Kandidaten vorgeschlagen werden. Mit jeweils einstimmigen Ergebnissen wurde die neue Vorstandschaft in ihre \u00c4mter gew\u00e4hlt. Vorsitzender ist nun der bisherige stellvertretende Vorsitzende Uwe Jehle, neuer stellvertretender Vorsitzender ist Professor Doktor Stefan Norra und als Schatzmeister wurde Wolfgang Schell in seinem Amt best\u00e4tigt. Nach der Wahl von Klaudia Krause und Klaus Kamin zu Kassenpr\u00fcfern, beendete die komplette Wiederwahl des amtierenden \u00c4ltestenrates mit seinen Mitgliedern Christian Nohe, Regine M\u00fccke, Roland M\u00fccke, Christel Peikert, Werner Seidelmann und Wolfgang Taubert den Punkt Neuwahlen. Der nun amtierende Vorstand gab danach seinen Entschluss bekannt, mit Christian Fackert einen Beisitzer zu bestimmen, der in enger Zusammenarbeit die T\u00e4tigkeit des Vorstandes unterst\u00fctzen wird. Am Ende der Hauptversammlung durfte der nun die Versammlung leitende Uwe Jehle seinem Vorg\u00e4nger Klaus Hartel f\u00fcr seine langj\u00e4hrige hervorragende F\u00fchrung des Vereines danken, und ernannte ihn unter gro\u00dfem Applaus der anwesenden Mitglieder zum Ehrenvorsitzenden des MFC 08 Lindenhof.<\/p>\n\t\t\t\t\t\t\t\t<\/div>\n\t\t\t\t<\/div>\n\t\t\t\t\t<\/div>\n\t\t<\/div>\n\t\t\t\t\t<\/div>\n\t\t<\/section>\n\t\t\t\t<\/div>\n\t\t","protected":false},"excerpt":{"rendered":"<p>Am Freitag den 9. Oktober 2020 fand in den R\u00e4umlichkeiten des Vereinslokals die urspr\u00fcnglich auf den 27. M\u00e4rz 2020 terminierte Hauptversammlung endlich statt. An einem sehr harmonisch verlaufenen Abend standen vor allem die Neuwahlen im Vordergrund. Da der seit 18 Jahren amtierende Vorsitzende Klaus Hartel nicht mehr kandidierte, war insbesondere diese Position neu zu besetzen.&hellip;&nbsp;<a href=\"https:\/\/mfc08.de\/?p=1653\" rel=\"bookmark\">Weiterlesen &raquo;<span class=\"screen-reader-text\">Hauptversammlung 2020<\/span><\/a><\/p>\n","protected":false},"author":2,"featured_media":1658,"comment_status":"closed","ping_status":"open","sticky":false,"template":"","format":"standard","meta":{"neve_meta_sidebar":"","neve_meta_container":"","neve_meta_enable_content_width":"","neve_meta_content_width":0,"neve_meta_title_alignment":"center","neve_meta_author_avatar":"","neve_post_elements_order":"[\"title\",\"content\",\"tags\",\"comments\"]","neve_meta_disable_header":"","neve_meta_disable_footer":"","neve_meta_disable_title":"","_themeisle_gutenberg_block_has_review":false,"footnotes":""},"categories":[1],"tags":[],"class_list":["post-1653","post","type-post","status-publish","format-standard","has-post-thumbnail","hentry","category-uncategorized"],"_links":{"self":[{"href":"https:\/\/mfc08.de\/index.php?rest_route=\/wp\/v2\/posts\/1653","targetHints":{"allow":["GET"]}}],"collection":[{"href":"https:\/\/mfc08.de\/index.php?rest_route=\/wp\/v2\/posts"}],"about":[{"href":"https:\/\/mfc08.de\/index.php?rest_route=\/wp\/v2\/types\/post"}],"author":[{"embeddable":true,"href":"https:\/\/mfc08.de\/index.php?rest_route=\/wp\/v2\/users\/2"}],"replies":[{"embeddable":true,"href":"https:\/\/mfc08.de\/index.php?rest_route=%2Fwp%2Fv2%2Fcomments&post=1653"}],"version-history":[{"count":4,"href":"https:\/\/mfc08.de\/index.php?rest_route=\/wp\/v2\/posts\/1653\/revisions"}],"predecessor-version":[{"id":1661,"href":"https:\/\/mfc08.de\/index.php?rest_route=\/wp\/v2\/posts\/1653\/revisions\/1661"}],"wp:featuredmedia":[{"embeddable":true,"href":"https:\/\/mfc08.de\/index.php?rest_route=\/wp\/v2\/media\/1658"}],"wp:attachment":[{"href":"https:\/\/mfc08.de\/index.php?rest_route=%2Fwp%2Fv2%2Fmedia&parent=1653"}],"wp:term":[{"taxonomy":"category","embeddable":true,"href":"https:\/\/mfc08.de\/index.php?rest_route=%2Fwp%2Fv2%2Fcategories&post=1653"},{"taxonomy":"post_tag","embeddable":true,"href":"https:\/\/mfc08.de\/index.php?rest_route=%2Fwp%2Fv2%2Ftags&post=1653"}],"curies":[{"name":"wp","href":"https:\/\/api.w.org\/{rel}","templated":true}]}}