{"id":1689,"date":"2020-10-25T21:10:07","date_gmt":"2020-10-25T21:10:07","guid":{"rendered":"https:\/\/mfc08.de\/?p=1689"},"modified":"2020-10-25T21:10:09","modified_gmt":"2020-10-25T21:10:09","slug":"sc-rot-weiss-rheinau-2-mfc-08-lindenhof-2-13-00","status":"publish","type":"post","link":"https:\/\/mfc08.de\/?p=1689","title":{"rendered":"SC Rot-Wei\u00df Rheinau 2 &#8211; MFC 08 Lindenhof 2 1:3 (0:0)"},"content":{"rendered":"\n<p>Einen verdienten 3:1 Sieg bei Rot-Wei\u00df Rheinau feierte die 2. Mannschaft.<\/p>\n\n\n\n<p>Unsere Elf hatte von Beginn an deutlich mehr Ballbesitz, aber Chancen blieben zun\u00e4chst Mangelware. Gef\u00e4hrlich wurde es erstmals durch Simon St\u00f6ckl, der eine Ecke von Eugen Kalinicenko an den Pfosten k\u00f6pfte. Die n\u00e4chste Chance hatte Felix M\u00fcller, der aber nach einem Ballgewinn am gegnerischen Strafraum am Torwart scheiterte. Auf der anderen Seite hatten dann die Gastgeber, die fast nur mit langen B\u00e4llen agierten die gr\u00f6sste Chance. Der St\u00fcrmer war schon an Lukas Belovic im Tor vorbei, setzte den Ball dann aber \u00fcber das Tor. Somit ging es torlos in die Pause. Die zweite Halbzeit begann unser Team dann druckvoller und schon fr\u00fch hatte Eugen Kalinicenko die erste Chance, scheiterte aber am Rheinauer Keeper. Kurz danach versuchte es Christian Ingrasci aus der zweiten Reihe und der Torwart kl\u00e4rte etwas unkonventionell mit dem Fu\u00df, den Abpraller k\u00f6pfte Felix M\u00fcller aus kurzer Distanz zu schwach auf das Tor, so dass der Torwart erneut kl\u00e4ren konnte. Und so ging Rheinau erneut nach einem langen Ball doch etwas \u00fcberraschend in F\u00fchrung. Zum Gl\u00fcck gelang aber schon relativ schnell Ausgleich. Michel B\u00f6ing kam im Rheinauer Strafraum an den Ball, legte quer zu Sebastiano Fallico und der traf aus spitzem Wechsel zum 1:1. Auch danach unser Team \u00fcberlegen, aber zu oft fehlte die Genauigkeit beim letzten Pass.\u00a0 Bei der F\u00fchrung profitierte man dann von einem Ballverlust der Rheinauer am eigenen Strafraum. Fabian Puente Gutierrez eroberte den Ball, legte quer zu Sebastiano Fallico, der zum F\u00fchrungstreffer einschieben konnte. Und kurz vor Schluss dann die Entscheidung. Nach einem Ballgewinn in der eigenen H\u00e4lfte spielte man einen musterg\u00fcltigen Konter \u00fcber Sebastiano Fallico und Marcel Metzger, der erneut Sebastiano Fallico bediente, so dass dieser problemlos seinen Hattrick perfekt machen konnte. Mit dem Schlusspfiff hatten dann die Gastgeber noch eine gute Chance zum Anschluss, aber zun\u00e4chst konnte Lukas Belovic parieren und der Nachschuss ging an die Latte. Somit blieb es beim 3:1 f\u00fcr unser Team.<\/p>\n\n\n\n<p>Im n\u00e4chsten Spiel trifft die Elf auf Germania Friedrichsfeld 2 und hofft dort nat\u00fcrlich auf den n\u00e4chsten Sieg<\/p>\n","protected":false},"excerpt":{"rendered":"<p>Einen verdienten 3:1 Sieg bei Rot-Wei\u00df Rheinau feierte die 2. Mannschaft. Unsere Elf hatte von Beginn an deutlich mehr Ballbesitz, aber Chancen blieben zun\u00e4chst Mangelware. Gef\u00e4hrlich wurde es erstmals durch Simon St\u00f6ckl, der eine Ecke von Eugen Kalinicenko an den Pfosten k\u00f6pfte. Die n\u00e4chste Chance hatte Felix M\u00fcller, der aber nach einem Ballgewinn am gegnerischen&hellip;&nbsp;<a href=\"https:\/\/mfc08.de\/?p=1689\" rel=\"bookmark\">Weiterlesen &raquo;<span class=\"screen-reader-text\">SC Rot-Wei\u00df Rheinau 2 &#8211; MFC 08 Lindenhof 2 1:3 (0:0)<\/span><\/a><\/p>\n","protected":false},"author":5,"featured_media":1475,"comment_status":"closed","ping_status":"open","sticky":false,"template":"","format":"standard","meta":{"neve_meta_sidebar":"","neve_meta_container":"","neve_meta_enable_content_width":"","neve_meta_content_width":0,"neve_meta_title_alignment":"","neve_meta_author_avatar":"","neve_post_elements_order":"","neve_meta_disable_header":"","neve_meta_disable_footer":"","neve_meta_disable_title":"","_themeisle_gutenberg_block_has_review":false,"footnotes":""},"categories":[5],"tags":[],"class_list":["post-1689","post","type-post","status-publish","format-standard","has-post-thumbnail","hentry","category-2-mannschaft"],"_links":{"self":[{"href":"https:\/\/mfc08.de\/index.php?rest_route=\/wp\/v2\/posts\/1689","targetHints":{"allow":["GET"]}}],"collection":[{"href":"https:\/\/mfc08.de\/index.php?rest_route=\/wp\/v2\/posts"}],"about":[{"href":"https:\/\/mfc08.de\/index.php?rest_route=\/wp\/v2\/types\/post"}],"author":[{"embeddable":true,"href":"https:\/\/mfc08.de\/index.php?rest_route=\/wp\/v2\/users\/5"}],"replies":[{"embeddable":true,"href":"https:\/\/mfc08.de\/index.php?rest_route=%2Fwp%2Fv2%2Fcomments&post=1689"}],"version-history":[{"count":1,"href":"https:\/\/mfc08.de\/index.php?rest_route=\/wp\/v2\/posts\/1689\/revisions"}],"predecessor-version":[{"id":1690,"href":"https:\/\/mfc08.de\/index.php?rest_route=\/wp\/v2\/posts\/1689\/revisions\/1690"}],"wp:featuredmedia":[{"embeddable":true,"href":"https:\/\/mfc08.de\/index.php?rest_route=\/wp\/v2\/media\/1475"}],"wp:attachment":[{"href":"https:\/\/mfc08.de\/index.php?rest_route=%2Fwp%2Fv2%2Fmedia&parent=1689"}],"wp:term":[{"taxonomy":"category","embeddable":true,"href":"https:\/\/mfc08.de\/index.php?rest_route=%2Fwp%2Fv2%2Fcategories&post=1689"},{"taxonomy":"post_tag","embeddable":true,"href":"https:\/\/mfc08.de\/index.php?rest_route=%2Fwp%2Fv2%2Ftags&post=1689"}],"curies":[{"name":"wp","href":"https:\/\/api.w.org\/{rel}","templated":true}]}}