{"id":1691,"date":"2020-10-25T21:15:02","date_gmt":"2020-10-25T21:15:02","guid":{"rendered":"https:\/\/mfc08.de\/?p=1691"},"modified":"2020-10-25T21:15:03","modified_gmt":"2020-10-25T21:15:03","slug":"spvgg-ilvesheim-mfc-08-lindenhof-64-31","status":"publish","type":"post","link":"https:\/\/mfc08.de\/?p=1691","title":{"rendered":"Spvgg Ilvesheim &#8211; MFC 08 Lindenhof 6:4 (3:1)"},"content":{"rendered":"\n<p>An einem \u201aTag der offenen Tore\u2018 unterlag die erste Mannschaft mit 4:6 beim Aufsteiger Spvgg Ilvesheim.<\/p>\n\n\n\n<p>Es entwickelte sich von Anfang an ein offener Schlagabtausch, in dem beide Mannschaften nach vorne spielten und damit zahlreiche Torchancen erspielten bzw. auch zulie\u00dfen. Die erste gro\u00dfe Chance hatte unsere Elf durch Patrick Pretzer, aber sein Schuss war etwas zu zentral, so dass der Ilvesheimer Torwart parieren konnte. Die erste Chance f\u00fcr Ilvesheim dann nach einer Ecke f\u00fcr den 08er. Der Ball wurde abgewehrt und die Gastgeber spielten den Konter hervorragend aus, der St\u00fcrmer setzte den Ball aber frei vor Timo Jehle neben das Tor. Kurz danach dann aber doch die F\u00fchrung f\u00fcr Ilvesheim. Ein St\u00fcrmer wurde an der Strafraumgrenze nicht energisch gest\u00f6rt und er konnte somit flach zum 1:0 einschiessen. Und kurz danach das 2:0. \u00c4hnlich wie kurz zuvor spielten die Gastgeber einen schnellen Konter nach einer Ecke, nur behielt der St\u00fcrmer diesmal die Nerven und er schob zum 2:0 ein. Danach hatte zun\u00e4chst Michele Cottito die grosse Chance zum Anschluss, doch er setzte den Ball frei vor dem Ilvesheimer Torwart knapp am langen Eck vorbei. Besser machte es wenig sp\u00e4ter Patrick Pretzer, der einen langen Ball erlief und zum 1:2 einschoss. Aber auch Ilvesheim war in dieser Zeit immer wieder gef\u00e4hrlich und kurz vor der Pause erh\u00f6hten die Gastgeber nach einem gut vorgetragenen Angriff auf 3:1. Nach dem Wechsel kam unsere Elf mit neuem Elan zur\u00fcck auf den Platz und schnell gelang Adrian Schmitt nach einer Ecke im Nachsetzen der Anschluss. Das Team machte danach weiter Druck und hatte zweimal den Ausgleich auf dem Fuss. Zun\u00e4chst scheiterte Abdolaziz Hassan am stark reagierenden Ilvesheimer Keeper. Kurz danach lief Patrick Pretzer v\u00f6llig frei auf den Torwart zu, setzte den Ball aber weit am Kasten vorbei. Und wie es h\u00e4ufig so ist, erzielten die Gastgeber fast im Gegenzug nach einer Ecke das 4:2. Und wenig sp\u00e4ter spielten sie wieder einmal einen Konter sehr gut aus, und sorgten mit dem 5:2 f\u00fcr die Vorentscheidung. Positiv zu sehen, dass sich unsere Elf nicht aufgab und nachdem Leon Umst\u00e4tter nach einer Ecke von Patrick Pretzer auf 3:5 verk\u00fcrzen konnte, keimte noch einmal Hoffnung auf. Pech dann bei einem Schuss von Patrick Pretzer, der vom Innenpfosten zur\u00fcck ins Feld sprang. Danach fehlte mehrfach der letzte entscheidende Pass um noch weitere gef\u00e4hrliche Situationen zu generieren. Besser machten dies erneut die Ilvesheimer, die nach einem unn\u00f6tigen Ballverlust in der Vorw\u00e4rtsbewegung schnell umschalteten und somit auf 6:3 erh\u00f6hen konnten. Krasimir Vasilev konnte zwar kurz vor Schluss noch einmal auf 4:6 verk\u00fcrzen, aber das wir im Endeffekt nur noch Ergebniskosmetik. Im Endeffekt stand die dritte Niederlage in Folge zu Buche. &nbsp;&nbsp;&nbsp;&nbsp;&nbsp;&nbsp;&nbsp;&nbsp;&nbsp;&nbsp;&nbsp;&nbsp;&nbsp;&nbsp;&nbsp;<\/p>\n\n\n\n<p>Am n\u00e4chsten Sonntag steht das Derby gegen den Aufsteiger TSV Neckarau an und hier gilt es alles daran zu setzen, den negativen Trend zu beenden &nbsp;&nbsp;&nbsp;&nbsp;&nbsp;&nbsp;&nbsp;&nbsp;&nbsp;&nbsp;&nbsp;&nbsp;&nbsp;&nbsp;&nbsp;&nbsp;&nbsp;&nbsp;&nbsp;&nbsp;&nbsp;&nbsp;<\/p>\n","protected":false},"excerpt":{"rendered":"<p>An einem \u201aTag der offenen Tore\u2018 unterlag die erste Mannschaft mit 4:6 beim Aufsteiger Spvgg Ilvesheim. Es entwickelte sich von Anfang an ein offener Schlagabtausch, in dem beide Mannschaften nach vorne spielten und damit zahlreiche Torchancen erspielten bzw. auch zulie\u00dfen. Die erste gro\u00dfe Chance hatte unsere Elf durch Patrick Pretzer, aber sein Schuss war etwas&hellip;&nbsp;<a href=\"https:\/\/mfc08.de\/?p=1691\" rel=\"bookmark\">Weiterlesen &raquo;<span class=\"screen-reader-text\">Spvgg Ilvesheim &#8211; MFC 08 Lindenhof 6:4 (3:1)<\/span><\/a><\/p>\n","protected":false},"author":5,"featured_media":1589,"comment_status":"closed","ping_status":"open","sticky":false,"template":"","format":"standard","meta":{"neve_meta_sidebar":"","neve_meta_container":"","neve_meta_enable_content_width":"","neve_meta_content_width":0,"neve_meta_title_alignment":"","neve_meta_author_avatar":"","neve_post_elements_order":"","neve_meta_disable_header":"","neve_meta_disable_footer":"","neve_meta_disable_title":"","_themeisle_gutenberg_block_has_review":false,"footnotes":""},"categories":[3],"tags":[],"class_list":["post-1691","post","type-post","status-publish","format-standard","has-post-thumbnail","hentry","category-1-mannschaft"],"_links":{"self":[{"href":"https:\/\/mfc08.de\/index.php?rest_route=\/wp\/v2\/posts\/1691","targetHints":{"allow":["GET"]}}],"collection":[{"href":"https:\/\/mfc08.de\/index.php?rest_route=\/wp\/v2\/posts"}],"about":[{"href":"https:\/\/mfc08.de\/index.php?rest_route=\/wp\/v2\/types\/post"}],"author":[{"embeddable":true,"href":"https:\/\/mfc08.de\/index.php?rest_route=\/wp\/v2\/users\/5"}],"replies":[{"embeddable":true,"href":"https:\/\/mfc08.de\/index.php?rest_route=%2Fwp%2Fv2%2Fcomments&post=1691"}],"version-history":[{"count":1,"href":"https:\/\/mfc08.de\/index.php?rest_route=\/wp\/v2\/posts\/1691\/revisions"}],"predecessor-version":[{"id":1692,"href":"https:\/\/mfc08.de\/index.php?rest_route=\/wp\/v2\/posts\/1691\/revisions\/1692"}],"wp:featuredmedia":[{"embeddable":true,"href":"https:\/\/mfc08.de\/index.php?rest_route=\/wp\/v2\/media\/1589"}],"wp:attachment":[{"href":"https:\/\/mfc08.de\/index.php?rest_route=%2Fwp%2Fv2%2Fmedia&parent=1691"}],"wp:term":[{"taxonomy":"category","embeddable":true,"href":"https:\/\/mfc08.de\/index.php?rest_route=%2Fwp%2Fv2%2Fcategories&post=1691"},{"taxonomy":"post_tag","embeddable":true,"href":"https:\/\/mfc08.de\/index.php?rest_route=%2Fwp%2Fv2%2Ftags&post=1691"}],"curies":[{"name":"wp","href":"https:\/\/api.w.org\/{rel}","templated":true}]}}