{"id":1693,"date":"2020-10-31T15:59:15","date_gmt":"2020-10-31T15:59:15","guid":{"rendered":"https:\/\/mfc08.de\/?p=1693"},"modified":"2020-10-31T15:59:17","modified_gmt":"2020-10-31T15:59:17","slug":"spiel-und-trainingsbetrieb-erneut-eingestellt","status":"publish","type":"post","link":"https:\/\/mfc08.de\/?p=1693","title":{"rendered":"Spiel- und Trainingsbetrieb erneut eingestellt"},"content":{"rendered":"\n<p>Nach dem erneut f\u00fcr den Amateursport angeordneten Lockdown war klar, dass ab Montag, dem 2.11. kein Spiel-und Trainingsbetrieb mehr m\u00f6glich sein wird. Der Badische Fussballverband hat daraufhin, wie zahlreiche andere Verb\u00e4nde auch, die Ma\u00dfnahmen schon vorzeitig umgesetzt und auch alle Spiele am jetzigen Wochenende abgesetzt.<\/p>\n\n\n\n<p>Sollte der Spielbetrieb dieses Jahr wirklich noch einmal aufgenommen werden, so werden wir nat\u00fcrlich dar\u00fcber informieren, es ist aber nur schwer vorstellbar       <\/p>\n","protected":false},"excerpt":{"rendered":"<p>Nach dem erneut f\u00fcr den Amateursport angeordneten Lockdown war klar, dass ab Montag, dem 2.11. kein Spiel-und Trainingsbetrieb mehr m\u00f6glich sein wird. Der Badische Fussballverband hat daraufhin, wie zahlreiche andere Verb\u00e4nde auch, die Ma\u00dfnahmen schon vorzeitig umgesetzt und auch alle Spiele am jetzigen Wochenende abgesetzt. Sollte der Spielbetrieb dieses Jahr wirklich noch einmal aufgenommen werden,&hellip;&nbsp;<a href=\"https:\/\/mfc08.de\/?p=1693\" rel=\"bookmark\">Weiterlesen &raquo;<span class=\"screen-reader-text\">Spiel- und Trainingsbetrieb erneut eingestellt<\/span><\/a><\/p>\n","protected":false},"author":5,"featured_media":1372,"comment_status":"closed","ping_status":"open","sticky":false,"template":"","format":"standard","meta":{"neve_meta_sidebar":"","neve_meta_container":"","neve_meta_enable_content_width":"","neve_meta_content_width":0,"neve_meta_title_alignment":"","neve_meta_author_avatar":"","neve_post_elements_order":"","neve_meta_disable_header":"","neve_meta_disable_footer":"","neve_meta_disable_title":"","_themeisle_gutenberg_block_has_review":false,"footnotes":""},"categories":[1],"tags":[],"class_list":["post-1693","post","type-post","status-publish","format-standard","has-post-thumbnail","hentry","category-uncategorized"],"_links":{"self":[{"href":"https:\/\/mfc08.de\/index.php?rest_route=\/wp\/v2\/posts\/1693","targetHints":{"allow":["GET"]}}],"collection":[{"href":"https:\/\/mfc08.de\/index.php?rest_route=\/wp\/v2\/posts"}],"about":[{"href":"https:\/\/mfc08.de\/index.php?rest_route=\/wp\/v2\/types\/post"}],"author":[{"embeddable":true,"href":"https:\/\/mfc08.de\/index.php?rest_route=\/wp\/v2\/users\/5"}],"replies":[{"embeddable":true,"href":"https:\/\/mfc08.de\/index.php?rest_route=%2Fwp%2Fv2%2Fcomments&post=1693"}],"version-history":[{"count":1,"href":"https:\/\/mfc08.de\/index.php?rest_route=\/wp\/v2\/posts\/1693\/revisions"}],"predecessor-version":[{"id":1694,"href":"https:\/\/mfc08.de\/index.php?rest_route=\/wp\/v2\/posts\/1693\/revisions\/1694"}],"wp:featuredmedia":[{"embeddable":true,"href":"https:\/\/mfc08.de\/index.php?rest_route=\/wp\/v2\/media\/1372"}],"wp:attachment":[{"href":"https:\/\/mfc08.de\/index.php?rest_route=%2Fwp%2Fv2%2Fmedia&parent=1693"}],"wp:term":[{"taxonomy":"category","embeddable":true,"href":"https:\/\/mfc08.de\/index.php?rest_route=%2Fwp%2Fv2%2Fcategories&post=1693"},{"taxonomy":"post_tag","embeddable":true,"href":"https:\/\/mfc08.de\/index.php?rest_route=%2Fwp%2Fv2%2Ftags&post=1693"}],"curies":[{"name":"wp","href":"https:\/\/api.w.org\/{rel}","templated":true}]}}