{"id":2974,"date":"2020-12-17T22:29:02","date_gmt":"2020-12-17T22:29:02","guid":{"rendered":"https:\/\/mfc08.de\/?p=2974"},"modified":"2020-12-17T22:44:19","modified_gmt":"2020-12-17T22:44:19","slug":"weihnachtliche-gruesse","status":"publish","type":"post","link":"https:\/\/mfc08.de\/?p=2974","title":{"rendered":"Weihnachtliche Gr\u00fc\u00dfe"},"content":{"rendered":"\n<p><span class=\"has-inline-color has-nv-dark-bg-color\">Liebe 08er,<br><br>ein schwieriges Jahr geht langsam zu Ende. Die Corona-Pandemie hat weltweit das Leben in allen gesellschaftlichen Bereichen gepr\u00e4gt. Auch der Sport, insbesondere der Breitensport und damit auch unser 08er hat sehr darunter gelitten.<br><br>Ihr musstet auf vieles verzichten, auch auf die Dinge, die das Gemeinschaftsgef\u00fchl eines Sportvereins ausmachen.<\/span><\/p>\n\n\n\n<p>Vom Rentnerstammtisch \u00fcber den Spielbetrieb unserer aktiven Mannschaften im Fu\u00dfball- und Tennisbereich, \u00fcber das Bambini Training bis hin zu den \u00dcbungsstunden der Gymnastikabteilung konnte nichts in der gewohnten Form stattfinden.<br><br>Gerade in solch einer Situation zeigt es sich, wie wichtig die sozialen Kontakte f\u00fcr Menschen jeder Altersschicht sind, und wie ein Sportverein dies in normalen Zeiten in hervorragender Art und Weise bietet.<\/p>\n\n\n\n<p><span class=\"has-inline-color has-nv-dark-bg-color\">Daher freuen wir uns sicherlich alle sehr darauf, endlich wieder unserem Freizeitvergn\u00fcgungen nachgehen zu k\u00f6nnen, und unser Sportgel\u00e4nde mit Leben zu f\u00fcllen.<\/span><\/p>\n\n\n\n<p><span class=\"has-inline-color has-nv-dark-bg-color\">Bis dies letztlich m\u00f6glich ist, bleibt alle gesund, erlebt eine sch\u00f6ne Weihnachtszeit und lasst uns gemeinsam auf ein besseres Jahr 2021 hoffen.<\/span><\/p>\n","protected":false},"excerpt":{"rendered":"<p>Liebe 08er, ein schwieriges Jahr geht langsam zu Ende. Die Corona-Pandemie hat weltweit das Leben in allen gesellschaftlichen Bereichen gepr\u00e4gt. Auch der Sport, insbesondere der Breitensport und damit auch unser 08er hat sehr darunter gelitten. Ihr musstet auf vieles verzichten, auch auf die Dinge, die das Gemeinschaftsgef\u00fchl eines Sportvereins ausmachen. Vom Rentnerstammtisch \u00fcber den Spielbetrieb&hellip;&nbsp;<a href=\"https:\/\/mfc08.de\/?p=2974\" rel=\"bookmark\">Weiterlesen &raquo;<span class=\"screen-reader-text\">Weihnachtliche Gr\u00fc\u00dfe<\/span><\/a><\/p>\n","protected":false},"author":2,"featured_media":2973,"comment_status":"closed","ping_status":"open","sticky":false,"template":"","format":"standard","meta":{"neve_meta_sidebar":"","neve_meta_container":"","neve_meta_enable_content_width":"","neve_meta_content_width":0,"neve_meta_title_alignment":"","neve_meta_author_avatar":"","neve_post_elements_order":"","neve_meta_disable_header":"","neve_meta_disable_footer":"","neve_meta_disable_title":"","_themeisle_gutenberg_block_has_review":false,"footnotes":""},"categories":[1],"tags":[],"class_list":["post-2974","post","type-post","status-publish","format-standard","has-post-thumbnail","hentry","category-uncategorized"],"_links":{"self":[{"href":"https:\/\/mfc08.de\/index.php?rest_route=\/wp\/v2\/posts\/2974","targetHints":{"allow":["GET"]}}],"collection":[{"href":"https:\/\/mfc08.de\/index.php?rest_route=\/wp\/v2\/posts"}],"about":[{"href":"https:\/\/mfc08.de\/index.php?rest_route=\/wp\/v2\/types\/post"}],"author":[{"embeddable":true,"href":"https:\/\/mfc08.de\/index.php?rest_route=\/wp\/v2\/users\/2"}],"replies":[{"embeddable":true,"href":"https:\/\/mfc08.de\/index.php?rest_route=%2Fwp%2Fv2%2Fcomments&post=2974"}],"version-history":[{"count":3,"href":"https:\/\/mfc08.de\/index.php?rest_route=\/wp\/v2\/posts\/2974\/revisions"}],"predecessor-version":[{"id":2979,"href":"https:\/\/mfc08.de\/index.php?rest_route=\/wp\/v2\/posts\/2974\/revisions\/2979"}],"wp:featuredmedia":[{"embeddable":true,"href":"https:\/\/mfc08.de\/index.php?rest_route=\/wp\/v2\/media\/2973"}],"wp:attachment":[{"href":"https:\/\/mfc08.de\/index.php?rest_route=%2Fwp%2Fv2%2Fmedia&parent=2974"}],"wp:term":[{"taxonomy":"category","embeddable":true,"href":"https:\/\/mfc08.de\/index.php?rest_route=%2Fwp%2Fv2%2Fcategories&post=2974"},{"taxonomy":"post_tag","embeddable":true,"href":"https:\/\/mfc08.de\/index.php?rest_route=%2Fwp%2Fv2%2Ftags&post=2974"}],"curies":[{"name":"wp","href":"https:\/\/api.w.org\/{rel}","templated":true}]}}