{"id":3010,"date":"2021-01-30T01:00:00","date_gmt":"2021-01-30T01:00:00","guid":{"rendered":"https:\/\/mfc08.de\/?p=3010"},"modified":"2021-01-30T23:42:47","modified_gmt":"2021-01-30T23:42:47","slug":"08-fasnacht-2021","status":"publish","type":"post","link":"https:\/\/mfc08.de\/?p=3010","title":{"rendered":"Am 30.1. w\u00e4re es soweit gewesen &#8211; hier das Motto der 08 Fasnacht 2021."},"content":{"rendered":"\n<p>Jetzt inklusive Live-Mitschnitt der Veranstaltung Fasnacht @ Home &#8230;&#8230;..<\/p>\n\n\n\n<figure class=\"wp-block-audio\"><audio controls src=\"https:\/\/mfc08.de\/wp-content\/uploads\/2021\/01\/Corona-Buett.mp3\"><\/audio><figcaption>An dieser Stelle ein wenig Trost  &#8211;  eine kleine 08-Corona B\u00fctt . . . . . . .<br><br>36 Zeilen reimen sich auf &#8222;aus&#8220;<br>doch besser w\u00e4r Corona, st\u00fcnde vor dem &#8222;Aus&#8220;<\/figcaption><\/figure>\n\n\n\n<p>Hier die Livebilder der Veranstaltung Fasnacht @ Home.<\/p>\n\n\n\n<figure class=\"wp-block-video\"><video height=\"848\" style=\"aspect-ratio: 480 \/ 848;\" width=\"480\" controls src=\"https:\/\/mfc08.de\/wp-content\/uploads\/2021\/01\/VIDEO-2021-01-30-19-12-10.mp4.mp4\"><\/video><\/figure>\n\n\n\n<p><\/p>\n","protected":false},"excerpt":{"rendered":"<p>Jetzt inklusive Live-Mitschnitt der Veranstaltung Fasnacht @ Home &#8230;&#8230;.. Hier die Livebilder der Veranstaltung Fasnacht @ Home.<\/p>\n","protected":false},"author":2,"featured_media":3031,"comment_status":"closed","ping_status":"open","sticky":false,"template":"","format":"standard","meta":{"neve_meta_sidebar":"","neve_meta_container":"","neve_meta_enable_content_width":"off","neve_meta_content_width":70,"neve_meta_title_alignment":"","neve_meta_author_avatar":"","neve_post_elements_order":"","neve_meta_disable_header":"","neve_meta_disable_footer":"","neve_meta_disable_title":"","_themeisle_gutenberg_block_has_review":false,"footnotes":""},"categories":[1],"tags":[],"class_list":["post-3010","post","type-post","status-publish","format-standard","has-post-thumbnail","hentry","category-uncategorized"],"_links":{"self":[{"href":"https:\/\/mfc08.de\/index.php?rest_route=\/wp\/v2\/posts\/3010","targetHints":{"allow":["GET"]}}],"collection":[{"href":"https:\/\/mfc08.de\/index.php?rest_route=\/wp\/v2\/posts"}],"about":[{"href":"https:\/\/mfc08.de\/index.php?rest_route=\/wp\/v2\/types\/post"}],"author":[{"embeddable":true,"href":"https:\/\/mfc08.de\/index.php?rest_route=\/wp\/v2\/users\/2"}],"replies":[{"embeddable":true,"href":"https:\/\/mfc08.de\/index.php?rest_route=%2Fwp%2Fv2%2Fcomments&post=3010"}],"version-history":[{"count":28,"href":"https:\/\/mfc08.de\/index.php?rest_route=\/wp\/v2\/posts\/3010\/revisions"}],"predecessor-version":[{"id":3078,"href":"https:\/\/mfc08.de\/index.php?rest_route=\/wp\/v2\/posts\/3010\/revisions\/3078"}],"wp:featuredmedia":[{"embeddable":true,"href":"https:\/\/mfc08.de\/index.php?rest_route=\/wp\/v2\/media\/3031"}],"wp:attachment":[{"href":"https:\/\/mfc08.de\/index.php?rest_route=%2Fwp%2Fv2%2Fmedia&parent=3010"}],"wp:term":[{"taxonomy":"category","embeddable":true,"href":"https:\/\/mfc08.de\/index.php?rest_route=%2Fwp%2Fv2%2Fcategories&post=3010"},{"taxonomy":"post_tag","embeddable":true,"href":"https:\/\/mfc08.de\/index.php?rest_route=%2Fwp%2Fv2%2Ftags&post=3010"}],"curies":[{"name":"wp","href":"https:\/\/api.w.org\/{rel}","templated":true}]}}