{"id":3094,"date":"2021-03-04T16:51:55","date_gmt":"2021-03-04T16:51:55","guid":{"rendered":"https:\/\/mfc08.de\/?p=3094"},"modified":"2021-03-04T16:51:56","modified_gmt":"2021-03-04T16:51:56","slug":"tennis-arbeitseinsatz-und-aktuelle-informationen","status":"publish","type":"post","link":"https:\/\/mfc08.de\/?p=3094","title":{"rendered":"Tennis: Arbeitseinsatz und aktuelle Informationen"},"content":{"rendered":"\n<p>der Fr\u00fchling l\u00e4sst sich nicht mehr aufhalten, wie auch wir kaum noch zu halten sind. Die Sonne strahlt mit ihrer ganzen Kraft vom Himmel und gibt uns allen einen Motivationsschub.<\/p>\n\n\n\n<p>Das Tennisspiel als auch die gesellschaftlichen Aktivit\u00e4ten fehlen uns allen doch sehr. Umso mehr freut es uns, ungeachtet der politischen Entscheidungen, Euch dar\u00fcber zu informieren, dass die Fa. Nohe ab 15.03.21 unsere Tennispl\u00e4tze auf Vordermann bringt.<\/p>\n\n\n\n<p>Wir planen deshalb f\u00fcr den <strong>27.03.21, in der Zeit von 10:00 \u2013 14:00 Uhr<\/strong>, einen Arbeitseinsatz, um unsere Pl\u00e4tze spielbereit zu machen.<\/p>\n\n\n\n<p>An diesem Tag ist wieder Eure Unterst\u00fctzung gefragt. Bitte merkt Euch das Datum vor und meldet Euch bei <strong>Marian D\u00fcrr, Tel.: 0621-825714.<\/strong><\/p>\n\n\n\n<p>Die offizielle Platz- und Saisoner\u00f6ffnung kann leider noch nicht terminiert werden, wird aber auf jeden Fall in gewohnter Art und Weise nachgeholt. Sobald weitere Lockerungen bekanntgegeben werden, setzen wir uns wieder mit Ihnen in Verbindung.<\/p>\n\n\n\n<p>Also, liebe Tennisspielerinnen und liebe Tennisspieler, <strong>SAVE THE DATE<\/strong> &#x1f60a;<\/p>\n\n\n\n<p>Dr\u00fccken wir gemeinsam die Daumen, dass wir bald wieder auf dem Platz stehen.<\/p>\n\n\n\n<p>Heute, 04.03.21, ist auf der homepage des BTV zu lesen, dass der Beginn der Medenrunde auf Juni 2021 verschoben wird. Nachzulesen unter <a href=\"https:\/\/www.badischertennisverband.de\/\">https:\/\/www.badischertennisverband.de\/<\/a><\/p>\n\n\n\n<p>Bis zum Wiedersehen bleibt alle gesund \u2013 wir freuen uns auf die vor uns liegende Saison.<\/p>\n\n\n\n<p>Vorstandschaft Tennis<\/p>\n","protected":false},"excerpt":{"rendered":"<p>der Fr\u00fchling l\u00e4sst sich nicht mehr aufhalten, wie auch wir kaum noch zu halten sind. Die Sonne strahlt mit ihrer ganzen Kraft vom Himmel und gibt uns allen einen Motivationsschub. Das Tennisspiel als auch die gesellschaftlichen Aktivit\u00e4ten fehlen uns allen doch sehr. Umso mehr freut es uns, ungeachtet der politischen Entscheidungen, Euch dar\u00fcber zu informieren,&hellip;&nbsp;<a href=\"https:\/\/mfc08.de\/?p=3094\" rel=\"bookmark\">Weiterlesen &raquo;<span class=\"screen-reader-text\">Tennis: Arbeitseinsatz und aktuelle Informationen<\/span><\/a><\/p>\n","protected":false},"author":6,"featured_media":2989,"comment_status":"closed","ping_status":"open","sticky":false,"template":"","format":"standard","meta":{"neve_meta_sidebar":"","neve_meta_container":"","neve_meta_enable_content_width":"","neve_meta_content_width":0,"neve_meta_title_alignment":"","neve_meta_author_avatar":"","neve_post_elements_order":"","neve_meta_disable_header":"","neve_meta_disable_footer":"","neve_meta_disable_title":"","_themeisle_gutenberg_block_has_review":false,"footnotes":""},"categories":[7,1],"tags":[],"class_list":["post-3094","post","type-post","status-publish","format-standard","has-post-thumbnail","hentry","category-tennis","category-uncategorized"],"_links":{"self":[{"href":"https:\/\/mfc08.de\/index.php?rest_route=\/wp\/v2\/posts\/3094","targetHints":{"allow":["GET"]}}],"collection":[{"href":"https:\/\/mfc08.de\/index.php?rest_route=\/wp\/v2\/posts"}],"about":[{"href":"https:\/\/mfc08.de\/index.php?rest_route=\/wp\/v2\/types\/post"}],"author":[{"embeddable":true,"href":"https:\/\/mfc08.de\/index.php?rest_route=\/wp\/v2\/users\/6"}],"replies":[{"embeddable":true,"href":"https:\/\/mfc08.de\/index.php?rest_route=%2Fwp%2Fv2%2Fcomments&post=3094"}],"version-history":[{"count":3,"href":"https:\/\/mfc08.de\/index.php?rest_route=\/wp\/v2\/posts\/3094\/revisions"}],"predecessor-version":[{"id":3097,"href":"https:\/\/mfc08.de\/index.php?rest_route=\/wp\/v2\/posts\/3094\/revisions\/3097"}],"wp:featuredmedia":[{"embeddable":true,"href":"https:\/\/mfc08.de\/index.php?rest_route=\/wp\/v2\/media\/2989"}],"wp:attachment":[{"href":"https:\/\/mfc08.de\/index.php?rest_route=%2Fwp%2Fv2%2Fmedia&parent=3094"}],"wp:term":[{"taxonomy":"category","embeddable":true,"href":"https:\/\/mfc08.de\/index.php?rest_route=%2Fwp%2Fv2%2Fcategories&post=3094"},{"taxonomy":"post_tag","embeddable":true,"href":"https:\/\/mfc08.de\/index.php?rest_route=%2Fwp%2Fv2%2Ftags&post=3094"}],"curies":[{"name":"wp","href":"https:\/\/api.w.org\/{rel}","templated":true}]}}