{"id":3122,"date":"2021-03-23T17:40:28","date_gmt":"2021-03-23T17:40:28","guid":{"rendered":"https:\/\/mfc08.de\/?p=3122"},"modified":"2021-03-23T17:40:30","modified_gmt":"2021-03-23T17:40:30","slug":"mit-gleichem-trainerteam-in-neue-saison","status":"publish","type":"post","link":"https:\/\/mfc08.de\/?p=3122","title":{"rendered":"Mit gleichem Trainerteam in neue Saison"},"content":{"rendered":"\n<p>Seit mittlerweile 5 Monaten ruht der Trainings- und Spielbetrieb und ein Ende dieses Zustandes ist leider auch nicht abzusehen. Seit gestern ist eine Annullierung der Saison 2020\/21 mehr als wahrscheinlich, eine endg\u00fcltige Entscheidung will der Verband aber erst nach Ostern treffen.<\/p>\n\n\n\n<p>Im Hintergrund laufen aber die Vorbereitungen f\u00fcr die n\u00e4chste Saison, die dann hoffentlich wieder normal laufen kann.<\/p>\n\n\n\n<p>Als erster Meilenstein wurden die Gespr\u00e4che mit den Trainern gef\u00fchrt und wir freuen uns mitteilen zu k\u00f6nnen, dass der Trainerstab (fast) komplett auch in der n\u00e4chsten Saison weiterhin zur Verf\u00fcgung steht.<\/p>\n\n\n\n<p>Die erste Mannschaft wird also weiter von Patrick Heinzelmann trainiert, der das Team im Winter 2019\/2020 \u00fcbernommen hat, seitdem aber Corona-bedingt noch keine richtige Saison absolvieren konnte.<\/p>\n\n\n\n<p>Die zweite Mannschaft wird weiterhin vom Manuel S\u00e4lzler trainiert, unterst\u00fctzt wird er wie schon in dieser Saison von Marcel Pieritz und Jonas Siebner.<\/p>\n\n\n\n<p>Und Marc Berton wird sich auch in der neuen Saison um unsere Torh\u00fcter k\u00fcmmern.<\/p>\n\n\n\n<p>Einzig Sascha Grassmann steht aus privaten Gr\u00fcnden nicht mehr als Co-Trainer der ersten Mannschaft zur Verf\u00fcgung. Hier l\u00e4uft die Suche nach einem Nachfolger noch.<\/p>\n","protected":false},"excerpt":{"rendered":"<p>Seit mittlerweile 5 Monaten ruht der Trainings- und Spielbetrieb und ein Ende dieses Zustandes ist leider auch nicht abzusehen. Seit gestern ist eine Annullierung der Saison 2020\/21 mehr als wahrscheinlich, eine endg\u00fcltige Entscheidung will der Verband aber erst nach Ostern treffen. Im Hintergrund laufen aber die Vorbereitungen f\u00fcr die n\u00e4chste Saison, die dann hoffentlich wieder&hellip;&nbsp;<a href=\"https:\/\/mfc08.de\/?p=3122\" rel=\"bookmark\">Weiterlesen &raquo;<span class=\"screen-reader-text\">Mit gleichem Trainerteam in neue Saison<\/span><\/a><\/p>\n","protected":false},"author":5,"featured_media":1124,"comment_status":"closed","ping_status":"open","sticky":false,"template":"","format":"standard","meta":{"neve_meta_sidebar":"","neve_meta_container":"","neve_meta_enable_content_width":"","neve_meta_content_width":0,"neve_meta_title_alignment":"","neve_meta_author_avatar":"","neve_post_elements_order":"","neve_meta_disable_header":"","neve_meta_disable_footer":"","neve_meta_disable_title":"","_themeisle_gutenberg_block_has_review":false,"footnotes":""},"categories":[3,5],"tags":[],"class_list":["post-3122","post","type-post","status-publish","format-standard","has-post-thumbnail","hentry","category-1-mannschaft","category-2-mannschaft"],"_links":{"self":[{"href":"https:\/\/mfc08.de\/index.php?rest_route=\/wp\/v2\/posts\/3122","targetHints":{"allow":["GET"]}}],"collection":[{"href":"https:\/\/mfc08.de\/index.php?rest_route=\/wp\/v2\/posts"}],"about":[{"href":"https:\/\/mfc08.de\/index.php?rest_route=\/wp\/v2\/types\/post"}],"author":[{"embeddable":true,"href":"https:\/\/mfc08.de\/index.php?rest_route=\/wp\/v2\/users\/5"}],"replies":[{"embeddable":true,"href":"https:\/\/mfc08.de\/index.php?rest_route=%2Fwp%2Fv2%2Fcomments&post=3122"}],"version-history":[{"count":1,"href":"https:\/\/mfc08.de\/index.php?rest_route=\/wp\/v2\/posts\/3122\/revisions"}],"predecessor-version":[{"id":3123,"href":"https:\/\/mfc08.de\/index.php?rest_route=\/wp\/v2\/posts\/3122\/revisions\/3123"}],"wp:featuredmedia":[{"embeddable":true,"href":"https:\/\/mfc08.de\/index.php?rest_route=\/wp\/v2\/media\/1124"}],"wp:attachment":[{"href":"https:\/\/mfc08.de\/index.php?rest_route=%2Fwp%2Fv2%2Fmedia&parent=3122"}],"wp:term":[{"taxonomy":"category","embeddable":true,"href":"https:\/\/mfc08.de\/index.php?rest_route=%2Fwp%2Fv2%2Fcategories&post=3122"},{"taxonomy":"post_tag","embeddable":true,"href":"https:\/\/mfc08.de\/index.php?rest_route=%2Fwp%2Fv2%2Ftags&post=3122"}],"curies":[{"name":"wp","href":"https:\/\/api.w.org\/{rel}","templated":true}]}}