{"id":3232,"date":"2021-05-25T08:38:40","date_gmt":"2021-05-25T08:38:40","guid":{"rendered":"https:\/\/mfc08.de\/?p=3232"},"modified":"2021-05-25T09:44:15","modified_gmt":"2021-05-25T09:44:15","slug":"trainingsbetrieb-startet-mit-einschraenkungen","status":"publish","type":"post","link":"https:\/\/mfc08.de\/?p=3232","title":{"rendered":"Trainingsbetrieb startet mit Einschr\u00e4nkungen"},"content":{"rendered":"\n<p>Auf Grund der dauerhaft unter den Wert von 100 gesunkenen Inzidenz in Mannheim ist ab dieser Woche der Trainingsbetrieb mit Einschr\u00e4nkungen wieder erlaubt. Konkret bedeutet dies, dass in Gruppen von bis zu 20 Personen unter strikter Einhaltung des aktuellen <a rel=\"noreferrer noopener\" href=\"https:\/\/mfc08.de\/wp-content\/uploads\/2021\/05\/Hygienekonzept-der-Fussballabteilung.pdf\" data-type=\"URL\" data-id=\"https:\/\/mfc08.de\/wp-content\/uploads\/2021\/05\/Hygienekonzept-der-Fussballabteilung.pdf\" target=\"_blank\">Hygienekonzeptes der Fu\u00dfballabteilung des  MFC 08 Lindenhof<\/a> wieder trainiert werden darf.<br>Voraussetzung ist eine vollst\u00e4ndige Impfung, eine \u00fcberstandene Covid-Erkrankung oder ein tagesaktueller Schnelltest, im Jugendbereich sind dar\u00fcber hinaus abweichende Sonderregelungen m\u00f6glich.  <br>Verantwortlich f\u00fcr die Organisation und Durchf\u00fchrung sind die jeweiligen Trainerinnen und Trainer, die auch f\u00fcr Detailfragen hinsichtlich des konkreten Ablaufes zur Verf\u00fcgung stehen.<br>Wir w\u00fcnschen allen nach der langen Zeit des Verzichtes auf den Fu\u00dfball viel Spa\u00df.<\/p>\n","protected":false},"excerpt":{"rendered":"<p>Auf Grund der dauerhaft unter den Wert von 100 gesunkenen Inzidenz in Mannheim ist ab dieser Woche der Trainingsbetrieb mit Einschr\u00e4nkungen wieder erlaubt. Konkret bedeutet dies, dass in Gruppen von bis zu 20 Personen unter strikter Einhaltung des aktuellen Hygienekonzeptes der Fu\u00dfballabteilung des MFC 08 Lindenhof wieder trainiert werden darf.Voraussetzung ist eine vollst\u00e4ndige Impfung, eine&hellip;&nbsp;<a href=\"https:\/\/mfc08.de\/?p=3232\" rel=\"bookmark\">Weiterlesen &raquo;<span class=\"screen-reader-text\">Trainingsbetrieb startet mit Einschr\u00e4nkungen<\/span><\/a><\/p>\n","protected":false},"author":2,"featured_media":512,"comment_status":"closed","ping_status":"open","sticky":false,"template":"","format":"standard","meta":{"neve_meta_sidebar":"","neve_meta_container":"","neve_meta_enable_content_width":"","neve_meta_content_width":0,"neve_meta_title_alignment":"","neve_meta_author_avatar":"","neve_post_elements_order":"","neve_meta_disable_header":"","neve_meta_disable_footer":"","neve_meta_disable_title":"","_themeisle_gutenberg_block_has_review":false,"footnotes":""},"categories":[1],"tags":[],"class_list":["post-3232","post","type-post","status-publish","format-standard","has-post-thumbnail","hentry","category-uncategorized"],"_links":{"self":[{"href":"https:\/\/mfc08.de\/index.php?rest_route=\/wp\/v2\/posts\/3232","targetHints":{"allow":["GET"]}}],"collection":[{"href":"https:\/\/mfc08.de\/index.php?rest_route=\/wp\/v2\/posts"}],"about":[{"href":"https:\/\/mfc08.de\/index.php?rest_route=\/wp\/v2\/types\/post"}],"author":[{"embeddable":true,"href":"https:\/\/mfc08.de\/index.php?rest_route=\/wp\/v2\/users\/2"}],"replies":[{"embeddable":true,"href":"https:\/\/mfc08.de\/index.php?rest_route=%2Fwp%2Fv2%2Fcomments&post=3232"}],"version-history":[{"count":5,"href":"https:\/\/mfc08.de\/index.php?rest_route=\/wp\/v2\/posts\/3232\/revisions"}],"predecessor-version":[{"id":3246,"href":"https:\/\/mfc08.de\/index.php?rest_route=\/wp\/v2\/posts\/3232\/revisions\/3246"}],"wp:featuredmedia":[{"embeddable":true,"href":"https:\/\/mfc08.de\/index.php?rest_route=\/wp\/v2\/media\/512"}],"wp:attachment":[{"href":"https:\/\/mfc08.de\/index.php?rest_route=%2Fwp%2Fv2%2Fmedia&parent=3232"}],"wp:term":[{"taxonomy":"category","embeddable":true,"href":"https:\/\/mfc08.de\/index.php?rest_route=%2Fwp%2Fv2%2Fcategories&post=3232"},{"taxonomy":"post_tag","embeddable":true,"href":"https:\/\/mfc08.de\/index.php?rest_route=%2Fwp%2Fv2%2Ftags&post=3232"}],"curies":[{"name":"wp","href":"https:\/\/api.w.org\/{rel}","templated":true}]}}