{"id":3269,"date":"2021-06-29T15:34:55","date_gmt":"2021-06-29T15:34:55","guid":{"rendered":"https:\/\/mfc08.de\/?p=3269"},"modified":"2021-07-02T13:34:49","modified_gmt":"2021-07-02T13:34:49","slug":"alle-wieder-da","status":"publish","type":"post","link":"https:\/\/mfc08.de\/?p=3269","title":{"rendered":"Alle wieder da !!!"},"content":{"rendered":"\n<p>Seit dem Ende der Pfingstferien besteht f\u00fcr die Jugendmannschaften wieder die M\u00f6glichkeit des Trainierens. Mittlerweile nutzen alle Jugendmannschaften wieder die M\u00f6glichkeit des Trainings. Erfreut haben wir feststellen k\u00f6nnen, dass fast alle Spieler und Spielerinnen wieder am Training teilnehmen. Bis zu den Sommerferien organisieren und planen unsere Trainer Test- und Freundschaftsspiele oder nehmen an kleinen Turnieren mit ihren Mannschaften teil. So versuchen wir die ausgefallenen Spielrunden zu kompensieren. Mittlerweile planen die Trainer auch schon die kommende Saison von der wir hoffen, dass sie diesmal bis zum Abschluss gespielt werden kann und nicht wieder im Herbst abgebrochen wird. Der Sprung der \u00e4lteren Jahrg\u00e4nge in die n\u00e4chst h\u00f6here Junioren Jahrgangsstufe wird f\u00fcr die Trainer und Spieler eine Herausforderung werden. Das halbe Jahr ohne Training und Spielbetrieb und der \u00dcbergang in die n\u00e4chste Altersgruppe mit gr\u00f6\u00dferem Spielfeld und l\u00e4ngerer Spielzeit werden \u00fcber einen l\u00e4ngeren Zeitraum noch Spuren hinterlassen. Leider verabschieden wir die Spieler des Jahrganges 2002 aus der A-Jugend, sowie unsere Spielerinnen der B-Juniorinnen ohne, dass sie sich im sportlichen Wettkampf im Training und Spielbetrieb im Jahr 2021 messen konnten. Wir w\u00fcnschen allen Spielern und Spielerinnen dieser Mannschaften und Jahrg\u00e4ngen einen guten \u00dcbergang in die aktiven Mannschaften des MFC 08 und w\u00fcnschen euch, dass ihr dort herzlich aufgenommen werdet und einen guten sportlichen Start habt.<\/p>\n","protected":false},"excerpt":{"rendered":"<p>Seit dem Ende der Pfingstferien besteht f\u00fcr die Jugendmannschaften wieder die M\u00f6glichkeit des Trainierens. Mittlerweile nutzen alle Jugendmannschaften wieder die M\u00f6glichkeit des Trainings. Erfreut haben wir feststellen k\u00f6nnen, dass fast alle Spieler und Spielerinnen wieder am Training teilnehmen. Bis zu den Sommerferien organisieren und planen unsere Trainer Test- und Freundschaftsspiele oder nehmen an kleinen Turnieren&hellip;&nbsp;<a href=\"https:\/\/mfc08.de\/?p=3269\" rel=\"bookmark\">Weiterlesen &raquo;<span class=\"screen-reader-text\">Alle wieder da !!!<\/span><\/a><\/p>\n","protected":false},"author":9,"featured_media":3280,"comment_status":"closed","ping_status":"open","sticky":false,"template":"","format":"standard","meta":{"neve_meta_sidebar":"","neve_meta_container":"","neve_meta_enable_content_width":"","neve_meta_content_width":0,"neve_meta_title_alignment":"","neve_meta_author_avatar":"","neve_post_elements_order":"","neve_meta_disable_header":"","neve_meta_disable_footer":"","neve_meta_disable_title":"","_themeisle_gutenberg_block_has_review":false,"footnotes":""},"categories":[11],"tags":[],"class_list":["post-3269","post","type-post","status-publish","format-standard","has-post-thumbnail","hentry","category-jugend"],"_links":{"self":[{"href":"https:\/\/mfc08.de\/index.php?rest_route=\/wp\/v2\/posts\/3269","targetHints":{"allow":["GET"]}}],"collection":[{"href":"https:\/\/mfc08.de\/index.php?rest_route=\/wp\/v2\/posts"}],"about":[{"href":"https:\/\/mfc08.de\/index.php?rest_route=\/wp\/v2\/types\/post"}],"author":[{"embeddable":true,"href":"https:\/\/mfc08.de\/index.php?rest_route=\/wp\/v2\/users\/9"}],"replies":[{"embeddable":true,"href":"https:\/\/mfc08.de\/index.php?rest_route=%2Fwp%2Fv2%2Fcomments&post=3269"}],"version-history":[{"count":15,"href":"https:\/\/mfc08.de\/index.php?rest_route=\/wp\/v2\/posts\/3269\/revisions"}],"predecessor-version":[{"id":3294,"href":"https:\/\/mfc08.de\/index.php?rest_route=\/wp\/v2\/posts\/3269\/revisions\/3294"}],"wp:featuredmedia":[{"embeddable":true,"href":"https:\/\/mfc08.de\/index.php?rest_route=\/wp\/v2\/media\/3280"}],"wp:attachment":[{"href":"https:\/\/mfc08.de\/index.php?rest_route=%2Fwp%2Fv2%2Fmedia&parent=3269"}],"wp:term":[{"taxonomy":"category","embeddable":true,"href":"https:\/\/mfc08.de\/index.php?rest_route=%2Fwp%2Fv2%2Fcategories&post=3269"},{"taxonomy":"post_tag","embeddable":true,"href":"https:\/\/mfc08.de\/index.php?rest_route=%2Fwp%2Fv2%2Ftags&post=3269"}],"curies":[{"name":"wp","href":"https:\/\/api.w.org\/{rel}","templated":true}]}}