{"id":3393,"date":"2021-07-12T17:45:57","date_gmt":"2021-07-12T17:45:57","guid":{"rendered":"https:\/\/mfc08.de\/?p=3393"},"modified":"2021-08-09T15:17:00","modified_gmt":"2021-08-09T15:17:00","slug":"vorbereitung-auf-die-neue-saison-laeuft","status":"publish","type":"post","link":"https:\/\/mfc08.de\/?p=3393","title":{"rendered":"Vorbereitung auf die neue Saison l\u00e4uft"},"content":{"rendered":"\n<p>Nachdem es die Corona-Zahlen wieder zugelassen haben, haben sich die aktiven Mannschaften seit Ende Mai zun\u00e4chst auf freiwilliger Basis wieder zum \u201alockeren Kicken\u2018 getroffen. Seit Ende Juni\/Anfang Juli hat jetzt aber die Vorbereitung auf die neue Saison begonnen, die wenn alles planm\u00e4\u00dfig l\u00e4uft, am 15.8. starten soll.<\/p>\n\n\n\n<p>Folgende Vorbereitungsspiele wurden bereits bestritten bzw. sind geplant &nbsp;&nbsp;<\/p>\n\n\n\n<p><\/p>\n\n\n\n<figure class=\"wp-block-table\"><table><tbody><tr><td>Samstag<\/td><td>17.07.21<\/td><td>13.00 Uhr<\/td><td>SKV Sandhofen &#8211; MFC 08 Lindenhof<\/td><td>3:3<\/td><\/tr><tr><td>Mittwoch<\/td><td>21.07.21<\/td><td>19.00 Uhr<\/td><td>MFC 08 Lindenhof &#8211; FC T\u00fcrkspor Mannheim 2<\/td><td>7:1<\/td><\/tr><tr><td>Sonntag<\/td><td>25.07.21<\/td><td>17.00 Uhr<\/td><td>TSV Sulzbach &#8211; MFC 08 Lindenhof&nbsp; (Pokal)<\/td><td>0:12<\/td><\/tr><tr><td>Donnerstag<\/td><td>29.07.21<\/td><td>19.30 Uhr<\/td><td>MFC 08 Lindenhof &#8211; KSC Schwetzingen&nbsp; (Pokal)<\/td><td>5:3<\/td><\/tr><tr><td>Freitag<\/td><td>06.08.21<\/td><td>19.30 Uhr<\/td><td>FV Leutershausen 2 &#8211; MFC 08 Lindenhof&nbsp; (Pokal)<\/td><td>0:6<\/td><\/tr><tr><td>Mittwoch<\/td><td>01.09.21<\/td><td>19.00 Uhr<\/td><td>MFC 08 Lindenhof &#8211; TSG Eintracht Plankstadt  (Pokal)<\/td><td><\/td><\/tr><tr><td><\/td><td><\/td><td><\/td><td><\/td><td><\/td><\/tr><tr><td>Sonntag<\/td><td>27.06.21<\/td><td>12.00 Uhr<\/td><td>MFC 08 Lindenhof 2 &#8211; Viktoria Neckarhausen<\/td><td>3:3<\/td><\/tr><tr><td>Sontag<\/td><td>04.07.21<\/td><td>12.00 Uhr<\/td><td>MFC 08 Lindenhof 2 &#8211; MFC Ph\u00f6nix Mannheim 2<\/td><td>7:0<\/td><\/tr><tr><td>Sonntag<\/td><td>11.07.02<\/td><td>13.00 Uhr<\/td><td>TSV Neckarau 2 &#8211; MFC 08 Lindenhof 2<\/td><td>5:2<\/td><\/tr><tr><td>Sonntag<\/td><td>25.07.21<\/td><td>13.00 Uhr<\/td><td>MFC 08 Lindenhof 2 &#8211; SV Laudenbach 2&nbsp; (Pokal)<\/td><td>8:1<\/td><\/tr><tr><td>Sonntag<\/td><td>01.08.21<\/td><td>17.00 Uhr<\/td><td>MFC 08 Lindenhof 2 &#8211; VfL Kurpfalz Neckarau 3&nbsp; (Pokal)<\/td><td>2:1<\/td><\/tr><tr><td>Dienstag<\/td><td>03.08.21<\/td><td>19.45 Uhr<\/td><td>MFC 08 Lindenhof 2 &#8211; SV Kirschhausen<\/td><td>3:1<\/td><\/tr><tr><td>Sonntag<\/td><td>08.08.21<\/td><td>12.00 Uhr<\/td><td>MFC 08 Lindenhof 2 &#8211; SV Enosis Mannheim&nbsp; (Pokal)<\/td><td>1:2<\/td><\/tr><tr><td>Dienstag<\/td><td>10.08.21<\/td><td>19.45 Uhr<\/td><td>MFC 08 Lindenhof 2 &#8211; Spvgg Ilvesheim 2<\/td><td><\/td><\/tr><\/tbody><\/table><\/figure>\n\n\n","protected":false},"excerpt":{"rendered":"<p>Nachdem es die Corona-Zahlen wieder zugelassen haben, haben sich die aktiven Mannschaften seit Ende Mai zun\u00e4chst auf freiwilliger Basis wieder zum \u201alockeren Kicken\u2018 getroffen. Seit Ende Juni\/Anfang Juli hat jetzt aber die Vorbereitung auf die neue Saison begonnen, die wenn alles planm\u00e4\u00dfig l\u00e4uft, am 15.8. starten soll. Folgende Vorbereitungsspiele wurden bereits bestritten bzw. sind geplant&hellip;&nbsp;<a href=\"https:\/\/mfc08.de\/?p=3393\" rel=\"bookmark\">Weiterlesen &raquo;<span class=\"screen-reader-text\">Vorbereitung auf die neue Saison l\u00e4uft<\/span><\/a><\/p>\n","protected":false},"author":5,"featured_media":2157,"comment_status":"closed","ping_status":"open","sticky":false,"template":"","format":"standard","meta":{"neve_meta_sidebar":"","neve_meta_container":"","neve_meta_enable_content_width":"","neve_meta_content_width":0,"neve_meta_title_alignment":"","neve_meta_author_avatar":"","neve_post_elements_order":"","neve_meta_disable_header":"","neve_meta_disable_footer":"","neve_meta_disable_title":"","_themeisle_gutenberg_block_has_review":false,"footnotes":""},"categories":[3,5],"tags":[],"class_list":["post-3393","post","type-post","status-publish","format-standard","has-post-thumbnail","hentry","category-1-mannschaft","category-2-mannschaft"],"_links":{"self":[{"href":"https:\/\/mfc08.de\/index.php?rest_route=\/wp\/v2\/posts\/3393","targetHints":{"allow":["GET"]}}],"collection":[{"href":"https:\/\/mfc08.de\/index.php?rest_route=\/wp\/v2\/posts"}],"about":[{"href":"https:\/\/mfc08.de\/index.php?rest_route=\/wp\/v2\/types\/post"}],"author":[{"embeddable":true,"href":"https:\/\/mfc08.de\/index.php?rest_route=\/wp\/v2\/users\/5"}],"replies":[{"embeddable":true,"href":"https:\/\/mfc08.de\/index.php?rest_route=%2Fwp%2Fv2%2Fcomments&post=3393"}],"version-history":[{"count":7,"href":"https:\/\/mfc08.de\/index.php?rest_route=\/wp\/v2\/posts\/3393\/revisions"}],"predecessor-version":[{"id":3470,"href":"https:\/\/mfc08.de\/index.php?rest_route=\/wp\/v2\/posts\/3393\/revisions\/3470"}],"wp:featuredmedia":[{"embeddable":true,"href":"https:\/\/mfc08.de\/index.php?rest_route=\/wp\/v2\/media\/2157"}],"wp:attachment":[{"href":"https:\/\/mfc08.de\/index.php?rest_route=%2Fwp%2Fv2%2Fmedia&parent=3393"}],"wp:term":[{"taxonomy":"category","embeddable":true,"href":"https:\/\/mfc08.de\/index.php?rest_route=%2Fwp%2Fv2%2Fcategories&post=3393"},{"taxonomy":"post_tag","embeddable":true,"href":"https:\/\/mfc08.de\/index.php?rest_route=%2Fwp%2Fv2%2Ftags&post=3393"}],"curies":[{"name":"wp","href":"https:\/\/api.w.org\/{rel}","templated":true}]}}