{"id":3445,"date":"2021-07-26T17:07:26","date_gmt":"2021-07-26T17:07:26","guid":{"rendered":"https:\/\/mfc08.de\/?p=3445"},"modified":"2021-07-26T17:19:46","modified_gmt":"2021-07-26T17:19:46","slug":"spielplaene-saison-21-22","status":"publish","type":"post","link":"https:\/\/mfc08.de\/?p=3445","title":{"rendered":"Spielpl\u00e4ne Saison 21\/22"},"content":{"rendered":"\n<p>Die Spielpl\u00e4ne f\u00fcr die neue Saison wurden jetzt ver\u00f6ffentlicht.<\/p>\n\n\n\n<p><\/p>\n\n\n\n<p>Die Saison soll, wie bereits l\u00e4nger angek\u00fcndigt, am Sonntag, den 15.8 starten<\/p>\n\n\n\n<p><\/p>\n\n\n\n<p>Die erste Mannschaft wird um 15.00 Uhr den VfR Mannheim 2 empfangen, <\/p>\n\n\n\n<p>zuvor trifft um 12.30 Uhr die zweite Mannschaft auf den FV Br\u00fchl 3 &nbsp;<\/p>\n\n\n\n<p><\/p>\n\n\n\n<p>Jetzt bleibt nur zu hoffen, dass dir Runde auch wirklich wie geplant durchgezogen werden kann<\/p>\n","protected":false},"excerpt":{"rendered":"<p>Die Spielpl\u00e4ne f\u00fcr die neue Saison wurden jetzt ver\u00f6ffentlicht. Die Saison soll, wie bereits l\u00e4nger angek\u00fcndigt, am Sonntag, den 15.8 starten Die erste Mannschaft wird um 15.00 Uhr den VfR Mannheim 2 empfangen, zuvor trifft um 12.30 Uhr die zweite Mannschaft auf den FV Br\u00fchl 3 &nbsp; Jetzt bleibt nur zu hoffen, dass dir Runde&hellip;&nbsp;<a href=\"https:\/\/mfc08.de\/?p=3445\" rel=\"bookmark\">Weiterlesen &raquo;<span class=\"screen-reader-text\">Spielpl\u00e4ne Saison 21\/22<\/span><\/a><\/p>\n","protected":false},"author":5,"featured_media":2157,"comment_status":"closed","ping_status":"open","sticky":false,"template":"","format":"standard","meta":{"neve_meta_sidebar":"","neve_meta_container":"","neve_meta_enable_content_width":"","neve_meta_content_width":0,"neve_meta_title_alignment":"","neve_meta_author_avatar":"","neve_post_elements_order":"","neve_meta_disable_header":"","neve_meta_disable_footer":"","neve_meta_disable_title":"","_themeisle_gutenberg_block_has_review":false,"footnotes":""},"categories":[3,5],"tags":[],"class_list":["post-3445","post","type-post","status-publish","format-standard","has-post-thumbnail","hentry","category-1-mannschaft","category-2-mannschaft"],"_links":{"self":[{"href":"https:\/\/mfc08.de\/index.php?rest_route=\/wp\/v2\/posts\/3445","targetHints":{"allow":["GET"]}}],"collection":[{"href":"https:\/\/mfc08.de\/index.php?rest_route=\/wp\/v2\/posts"}],"about":[{"href":"https:\/\/mfc08.de\/index.php?rest_route=\/wp\/v2\/types\/post"}],"author":[{"embeddable":true,"href":"https:\/\/mfc08.de\/index.php?rest_route=\/wp\/v2\/users\/5"}],"replies":[{"embeddable":true,"href":"https:\/\/mfc08.de\/index.php?rest_route=%2Fwp%2Fv2%2Fcomments&post=3445"}],"version-history":[{"count":3,"href":"https:\/\/mfc08.de\/index.php?rest_route=\/wp\/v2\/posts\/3445\/revisions"}],"predecessor-version":[{"id":3450,"href":"https:\/\/mfc08.de\/index.php?rest_route=\/wp\/v2\/posts\/3445\/revisions\/3450"}],"wp:featuredmedia":[{"embeddable":true,"href":"https:\/\/mfc08.de\/index.php?rest_route=\/wp\/v2\/media\/2157"}],"wp:attachment":[{"href":"https:\/\/mfc08.de\/index.php?rest_route=%2Fwp%2Fv2%2Fmedia&parent=3445"}],"wp:term":[{"taxonomy":"category","embeddable":true,"href":"https:\/\/mfc08.de\/index.php?rest_route=%2Fwp%2Fv2%2Fcategories&post=3445"},{"taxonomy":"post_tag","embeddable":true,"href":"https:\/\/mfc08.de\/index.php?rest_route=%2Fwp%2Fv2%2Ftags&post=3445"}],"curies":[{"name":"wp","href":"https:\/\/api.w.org\/{rel}","templated":true}]}}