{"id":3458,"date":"2021-08-03T09:44:27","date_gmt":"2021-08-03T09:44:27","guid":{"rendered":"https:\/\/mfc08.de\/?p=3458"},"modified":"2021-08-04T10:43:32","modified_gmt":"2021-08-04T10:43:32","slug":"beide-mannschaften-erreichen-3-pokalrunde","status":"publish","type":"post","link":"https:\/\/mfc08.de\/?p=3458","title":{"rendered":"beide Mannschaften erreichen 3. Pokalrunde"},"content":{"rendered":"\n<p>In einem sehr unterhaltsamen Spiel bezwang die erste Mannschaft den Kreisliga-Konkurrenten KSC Schwetzingen mit 5:3 (2:1)<\/p>\n\n\n\n<p>In der ersten Halbzeit schossen Felix Schreckberger und Yusuf Demirci die Mannschaft zun\u00e4chst mit 2:0 in F\u00fchrung. Unmittelbar vor dem Pausenpfiff verk\u00fcrzten die G\u00e4ste auf 1:2. Anfang der zweiten Halbzeit erh\u00f6hte Tobias Baumann auf 3:1, aber Schwetzingen verk\u00fcrzte erneut auf 2:3. Und auch den Treffer von Yusuf Demirci zum 4:2 konterten sie mit dem erneuten Anschlusstreffer. Doch erneut Yusuf Demirci war es, der mit seinem 3. Treffer den Endstand von 5:3 sicherstellte.<\/p>\n\n\n\n<p>Und auch die zweite Mannschaft erreichte durch einen 2:1 (1:1) Sieg gegen VfL Kurpfalz Neckarau 3 die n\u00e4chste Runde. &nbsp;&nbsp;&nbsp;&nbsp;&nbsp;&nbsp;&nbsp;<\/p>\n\n\n\n<p>Die G\u00e4ste gingen gegen Ende der ersten Halbzeit zun\u00e4chst in F\u00fchrung, doch noch vor dem Pausenpfiff konnte Abdolaziz Hassan den Ausgleich erzielen. Mitte der zweiten Halbzeit gelang Gaetano Bellota der verdiente Siegtreffer<\/p>\n\n\n\n<p>In der 3. Runde, die am Sonntag, den 8.8. ausgespielt wird, tritt<\/p>\n\n\n\n<p>die erste Mannschaft am Freitag, 6.8. um 19.30 Uhr beim FV Leutershausen 2 an,<\/p>\n\n\n\n<p>die zweite Mannschaft empf\u00e4ngt am Sonntag, den 8.8 um 12.00 Uhr den SV Enosis Mannheim \u00a0<\/p>\n","protected":false},"excerpt":{"rendered":"<p>In einem sehr unterhaltsamen Spiel bezwang die erste Mannschaft den Kreisliga-Konkurrenten KSC Schwetzingen mit 5:3 (2:1) In der ersten Halbzeit schossen Felix Schreckberger und Yusuf Demirci die Mannschaft zun\u00e4chst mit 2:0 in F\u00fchrung. Unmittelbar vor dem Pausenpfiff verk\u00fcrzten die G\u00e4ste auf 1:2. Anfang der zweiten Halbzeit erh\u00f6hte Tobias Baumann auf 3:1, aber Schwetzingen verk\u00fcrzte erneut&hellip;&nbsp;<a href=\"https:\/\/mfc08.de\/?p=3458\" rel=\"bookmark\">Weiterlesen &raquo;<span class=\"screen-reader-text\">beide Mannschaften erreichen 3. Pokalrunde<\/span><\/a><\/p>\n","protected":false},"author":5,"featured_media":2157,"comment_status":"closed","ping_status":"open","sticky":false,"template":"","format":"standard","meta":{"neve_meta_sidebar":"","neve_meta_container":"","neve_meta_enable_content_width":"","neve_meta_content_width":0,"neve_meta_title_alignment":"","neve_meta_author_avatar":"","neve_post_elements_order":"","neve_meta_disable_header":"","neve_meta_disable_footer":"","neve_meta_disable_title":"","_themeisle_gutenberg_block_has_review":false,"footnotes":""},"categories":[3,5],"tags":[],"class_list":["post-3458","post","type-post","status-publish","format-standard","has-post-thumbnail","hentry","category-1-mannschaft","category-2-mannschaft"],"_links":{"self":[{"href":"https:\/\/mfc08.de\/index.php?rest_route=\/wp\/v2\/posts\/3458","targetHints":{"allow":["GET"]}}],"collection":[{"href":"https:\/\/mfc08.de\/index.php?rest_route=\/wp\/v2\/posts"}],"about":[{"href":"https:\/\/mfc08.de\/index.php?rest_route=\/wp\/v2\/types\/post"}],"author":[{"embeddable":true,"href":"https:\/\/mfc08.de\/index.php?rest_route=\/wp\/v2\/users\/5"}],"replies":[{"embeddable":true,"href":"https:\/\/mfc08.de\/index.php?rest_route=%2Fwp%2Fv2%2Fcomments&post=3458"}],"version-history":[{"count":2,"href":"https:\/\/mfc08.de\/index.php?rest_route=\/wp\/v2\/posts\/3458\/revisions"}],"predecessor-version":[{"id":3462,"href":"https:\/\/mfc08.de\/index.php?rest_route=\/wp\/v2\/posts\/3458\/revisions\/3462"}],"wp:featuredmedia":[{"embeddable":true,"href":"https:\/\/mfc08.de\/index.php?rest_route=\/wp\/v2\/media\/2157"}],"wp:attachment":[{"href":"https:\/\/mfc08.de\/index.php?rest_route=%2Fwp%2Fv2%2Fmedia&parent=3458"}],"wp:term":[{"taxonomy":"category","embeddable":true,"href":"https:\/\/mfc08.de\/index.php?rest_route=%2Fwp%2Fv2%2Fcategories&post=3458"},{"taxonomy":"post_tag","embeddable":true,"href":"https:\/\/mfc08.de\/index.php?rest_route=%2Fwp%2Fv2%2Ftags&post=3458"}],"curies":[{"name":"wp","href":"https:\/\/api.w.org\/{rel}","templated":true}]}}