{"id":3483,"date":"2021-08-15T20:22:16","date_gmt":"2021-08-15T20:22:16","guid":{"rendered":"https:\/\/mfc08.de\/?p=3483"},"modified":"2021-08-15T20:24:45","modified_gmt":"2021-08-15T20:24:45","slug":"mfc-08-lindenhof-2-fv-bruehl-3-41-10","status":"publish","type":"post","link":"https:\/\/mfc08.de\/?p=3483","title":{"rendered":"MFC 08 Lindenhof 2 &#8211; FV Br\u00fchl 3  4:1 (1:0)"},"content":{"rendered":"\n<p>Mit einem am Ende klaren 4:1 (1:0 ) Sieg gegen den FV Br\u00fchl 3 startete die 2. Mannschaft in die neue Saison<\/p>\n\n\n\n<p>Lange deutete nichts auf ein so hohes Ergebnis hin. Die erste Chance hatten fr\u00fch die G\u00e4ste, aber ein &nbsp;Schuss konnte gerade noch auf der Linie gekl\u00e4rt werden. Danach kam auch unsere Elf durch Leon Umst\u00e4tter zu einer ersten Chance, aber er scheiterte am gegnerischen Torwart. Die n\u00e4chste Gelegenheit hatte wieder Br\u00fchl, aber bei einer Doppelchance scheiterten sie am Pfosten. Kurz darauf wieder eine gute Gelegenheit, aber diesmal setzte der G\u00e4ste-St\u00fcrmer den Ball aus vielversprechender Position \u00fcber das Tor. Zu diesem Zeitpunkt dann etwas \u00fcberraschend die F\u00fchrung f\u00fcr unsere Elf. Marcel Metzger wurde sch\u00f6n freigespielt und traf frei vor dem Br\u00fchler Torwart zum 1:0. Mit diesem Ergebnis ging aus auch in die Pause. Auch zu Beginn der zweiten Halbzeit das Spiel absolut ausgeglichen und so gelang Br\u00fchl nicht unverdient der Ausgleich. Aber schon schnell konnte Mathias Roesinger die erneute F\u00fchrung erzielen und jetzt erlangte die Mannschaft auch Kontrolle \u00fcber die Partie. Mit einem herrlichen Distanzschuss erh\u00f6hte Christian Ingrasci auf 3:1. Noch einmal spannend h\u00e4tte es werden k\u00f6nnen, als die G\u00e4ste einen Elfmeter zugesprochen bekamen, aber Mark Doy im Tor hielt sowohl den Elfmeter als auch den Nachschuss. Und mit dem 4:1 erneut durch Mathias Roesinger war das Spiel endg\u00fcltig entschieden. Marcel Metzger h\u00e4tte fast noch erh\u00f6ht, aber sein Schuss landete nur am &nbsp;Innenpfosten.<\/p>\n\n\n\n<p>Bereits am Donnerstag geht es um 19.00 beim SV Rohrhof 2 weiter, am Sonntag empf\u00e4ngt die Elf um 12.30 die SG Oftersheim 2 &nbsp;&nbsp;&nbsp;&nbsp;&nbsp;&nbsp;&nbsp;&nbsp;&nbsp;&nbsp;&nbsp;&nbsp;&nbsp;&nbsp;&nbsp;&nbsp;<\/p>\n","protected":false},"excerpt":{"rendered":"<p>Mit einem am Ende klaren 4:1 (1:0 ) Sieg gegen den FV Br\u00fchl 3 startete die 2. Mannschaft in die neue Saison Lange deutete nichts auf ein so hohes Ergebnis hin. Die erste Chance hatten fr\u00fch die G\u00e4ste, aber ein &nbsp;Schuss konnte gerade noch auf der Linie gekl\u00e4rt werden. Danach kam auch unsere Elf durch&hellip;&nbsp;<a href=\"https:\/\/mfc08.de\/?p=3483\" rel=\"bookmark\">Weiterlesen &raquo;<span class=\"screen-reader-text\">MFC 08 Lindenhof 2 &#8211; FV Br\u00fchl 3  4:1 (1:0)<\/span><\/a><\/p>\n","protected":false},"author":5,"featured_media":1578,"comment_status":"closed","ping_status":"open","sticky":false,"template":"","format":"standard","meta":{"neve_meta_sidebar":"","neve_meta_container":"","neve_meta_enable_content_width":"","neve_meta_content_width":0,"neve_meta_title_alignment":"","neve_meta_author_avatar":"","neve_post_elements_order":"","neve_meta_disable_header":"","neve_meta_disable_footer":"","neve_meta_disable_title":"","_themeisle_gutenberg_block_has_review":false,"footnotes":""},"categories":[5],"tags":[],"class_list":["post-3483","post","type-post","status-publish","format-standard","has-post-thumbnail","hentry","category-2-mannschaft"],"_links":{"self":[{"href":"https:\/\/mfc08.de\/index.php?rest_route=\/wp\/v2\/posts\/3483","targetHints":{"allow":["GET"]}}],"collection":[{"href":"https:\/\/mfc08.de\/index.php?rest_route=\/wp\/v2\/posts"}],"about":[{"href":"https:\/\/mfc08.de\/index.php?rest_route=\/wp\/v2\/types\/post"}],"author":[{"embeddable":true,"href":"https:\/\/mfc08.de\/index.php?rest_route=\/wp\/v2\/users\/5"}],"replies":[{"embeddable":true,"href":"https:\/\/mfc08.de\/index.php?rest_route=%2Fwp%2Fv2%2Fcomments&post=3483"}],"version-history":[{"count":1,"href":"https:\/\/mfc08.de\/index.php?rest_route=\/wp\/v2\/posts\/3483\/revisions"}],"predecessor-version":[{"id":3484,"href":"https:\/\/mfc08.de\/index.php?rest_route=\/wp\/v2\/posts\/3483\/revisions\/3484"}],"wp:featuredmedia":[{"embeddable":true,"href":"https:\/\/mfc08.de\/index.php?rest_route=\/wp\/v2\/media\/1578"}],"wp:attachment":[{"href":"https:\/\/mfc08.de\/index.php?rest_route=%2Fwp%2Fv2%2Fmedia&parent=3483"}],"wp:term":[{"taxonomy":"category","embeddable":true,"href":"https:\/\/mfc08.de\/index.php?rest_route=%2Fwp%2Fv2%2Fcategories&post=3483"},{"taxonomy":"post_tag","embeddable":true,"href":"https:\/\/mfc08.de\/index.php?rest_route=%2Fwp%2Fv2%2Ftags&post=3483"}],"curies":[{"name":"wp","href":"https:\/\/api.w.org\/{rel}","templated":true}]}}