{"id":3524,"date":"2021-08-24T10:38:33","date_gmt":"2021-08-24T10:38:33","guid":{"rendered":"https:\/\/mfc08.de\/?p=3524"},"modified":"2021-08-24T10:40:27","modified_gmt":"2021-08-24T10:40:27","slug":"einladung-der-fussballabteilung","status":"publish","type":"post","link":"https:\/\/mfc08.de\/?p=3524","title":{"rendered":"Einladung der Fu\u00dfballabteilung"},"content":{"rendered":"\n<p>zur ordentlichen Mitgliederversammlung der Abteilung <strong>Fu\u00dfball des MFC 08 Lindenhof<\/strong> am <strong>Mittwoch, 08.09.2021, 19:30 Uhr<\/strong>, Clubhaus Promenadenweg 15.<\/p>\n\n\n\n<p>Folgende Tagesordnung ist vorgesehen:<\/p>\n\n\n\n<p>&nbsp;&nbsp;&nbsp;&nbsp;&nbsp;&nbsp;&nbsp;&nbsp;&nbsp;&nbsp;&nbsp;&nbsp;&nbsp;&nbsp;&nbsp;&nbsp;&nbsp;&nbsp;&nbsp;&nbsp;&nbsp;&nbsp;&nbsp;&nbsp;&nbsp;&nbsp;&nbsp;&nbsp;&nbsp;&nbsp;&nbsp;&nbsp;&nbsp;&nbsp;&nbsp;&nbsp;&nbsp;&nbsp;&nbsp;&nbsp;&nbsp;&nbsp;&nbsp;&nbsp;&nbsp;&nbsp; <strong>Tagesordnung<\/strong><\/p>\n\n\n\n<ol class=\"wp-block-list\" type=\"1\"><li>Begr\u00fc\u00dfung durch den Abteilungsleiter<\/li><li>Genehmigung der Tagesordnung<\/li><li>Jahresbericht<\/li><li>Entlastung der Abteilungsleitung<\/li><li>Antr\u00e4ge<\/li><li>Verschiedenes<\/li><\/ol>\n\n\n\n<p>Wir hoffen auf zahlreiches Erscheinen bei dieser Versammlung und verbleiben bis dahin<\/p>\n\n\n\n<p>Mit freundlichen Gr\u00fc\u00dfen<\/p>\n\n\n\n<p>gez. Abteilungsleitung Fu\u00dfball<\/p>\n","protected":false},"excerpt":{"rendered":"<p>zur ordentlichen Mitgliederversammlung der Abteilung Fu\u00dfball des MFC 08 Lindenhof am Mittwoch, 08.09.2021, 19:30 Uhr, Clubhaus Promenadenweg 15. Folgende Tagesordnung ist vorgesehen: &nbsp;&nbsp;&nbsp;&nbsp;&nbsp;&nbsp;&nbsp;&nbsp;&nbsp;&nbsp;&nbsp;&nbsp;&nbsp;&nbsp;&nbsp;&nbsp;&nbsp;&nbsp;&nbsp;&nbsp;&nbsp;&nbsp;&nbsp;&nbsp;&nbsp;&nbsp;&nbsp;&nbsp;&nbsp;&nbsp;&nbsp;&nbsp;&nbsp;&nbsp;&nbsp;&nbsp;&nbsp;&nbsp;&nbsp;&nbsp;&nbsp;&nbsp;&nbsp;&nbsp;&nbsp;&nbsp; Tagesordnung Begr\u00fc\u00dfung durch den Abteilungsleiter Genehmigung der Tagesordnung Jahresbericht Entlastung der Abteilungsleitung Antr\u00e4ge Verschiedenes Wir hoffen auf zahlreiches Erscheinen bei dieser Versammlung und verbleiben bis dahin Mit freundlichen Gr\u00fc\u00dfen gez. Abteilungsleitung Fu\u00dfball<\/p>\n","protected":false},"author":2,"featured_media":3525,"comment_status":"closed","ping_status":"open","sticky":false,"template":"","format":"standard","meta":{"neve_meta_sidebar":"","neve_meta_container":"","neve_meta_enable_content_width":"","neve_meta_content_width":0,"neve_meta_title_alignment":"","neve_meta_author_avatar":"","neve_post_elements_order":"","neve_meta_disable_header":"","neve_meta_disable_footer":"","neve_meta_disable_title":"","_themeisle_gutenberg_block_has_review":false,"footnotes":""},"categories":[3,5,9,10,1],"tags":[],"class_list":["post-3524","post","type-post","status-publish","format-standard","has-post-thumbnail","hentry","category-1-mannschaft","category-2-mannschaft","category-ah","category-blauweiss","category-uncategorized"],"_links":{"self":[{"href":"https:\/\/mfc08.de\/index.php?rest_route=\/wp\/v2\/posts\/3524","targetHints":{"allow":["GET"]}}],"collection":[{"href":"https:\/\/mfc08.de\/index.php?rest_route=\/wp\/v2\/posts"}],"about":[{"href":"https:\/\/mfc08.de\/index.php?rest_route=\/wp\/v2\/types\/post"}],"author":[{"embeddable":true,"href":"https:\/\/mfc08.de\/index.php?rest_route=\/wp\/v2\/users\/2"}],"replies":[{"embeddable":true,"href":"https:\/\/mfc08.de\/index.php?rest_route=%2Fwp%2Fv2%2Fcomments&post=3524"}],"version-history":[{"count":1,"href":"https:\/\/mfc08.de\/index.php?rest_route=\/wp\/v2\/posts\/3524\/revisions"}],"predecessor-version":[{"id":3526,"href":"https:\/\/mfc08.de\/index.php?rest_route=\/wp\/v2\/posts\/3524\/revisions\/3526"}],"wp:featuredmedia":[{"embeddable":true,"href":"https:\/\/mfc08.de\/index.php?rest_route=\/wp\/v2\/media\/3525"}],"wp:attachment":[{"href":"https:\/\/mfc08.de\/index.php?rest_route=%2Fwp%2Fv2%2Fmedia&parent=3524"}],"wp:term":[{"taxonomy":"category","embeddable":true,"href":"https:\/\/mfc08.de\/index.php?rest_route=%2Fwp%2Fv2%2Fcategories&post=3524"},{"taxonomy":"post_tag","embeddable":true,"href":"https:\/\/mfc08.de\/index.php?rest_route=%2Fwp%2Fv2%2Ftags&post=3524"}],"curies":[{"name":"wp","href":"https:\/\/api.w.org\/{rel}","templated":true}]}}