{"id":3674,"date":"2021-08-30T10:38:00","date_gmt":"2021-08-30T10:38:00","guid":{"rendered":"https:\/\/mfc08.de\/?p=3674"},"modified":"2021-08-30T10:38:02","modified_gmt":"2021-08-30T10:38:02","slug":"patrick-heinzelmann-erwirbt-b-lizenz","status":"publish","type":"post","link":"https:\/\/mfc08.de\/?p=3674","title":{"rendered":"Patrick Heinzelmann erwirbt B-Lizenz"},"content":{"rendered":"\n<p>Wir gratulieren unserem Trainer der 1. Mannschaft, Patrick Heinzelmann, zum Erwerb der B-Lizenz-Trainer. Mit dieser Lizenz k\u00f6nnen Mannschaften bis hin zur Oberliga trainiert werden.<\/p>\n\n\n\n<p>Er selbst kommentierte die bestandene Pr\u00fcfung wie folgt :<\/p>\n\n\n\n<p>&#8222;Nach sehr intensiven und spannenden 3 \u00bd Wochen bin ich sehr gl\u00fccklich nun meine B-Lizenz erfolgreich abgeschlossen zu haben. Den angestrebten Notenschnitt (besser als 2,3) den ich mir als pers\u00f6nliches Ziel gesetzt habe, habe ich gl\u00fccklicherweise geschafft. In Zukunft stehen mir dadurch weitere T\u00fcren auf um noch h\u00f6here Lizenzen zu erwerben. Im Endeffekt haben mich die intensiven Kurswochen unter Verbandssportlehrer Rainer Scharinger in vielen Bereichen weitergebracht. Es war sch\u00f6n in vielen Bereichen (Spielanalyse, Taktik, Ern\u00e4hrung u.v.m) auf hohem Niveau zu diskutieren und nat\u00fcrlich neue Inhalte kennenzulernen!&#8220; \u00a0<\/p>\n\n\n\n<p>Wir als Verein sind froh dar\u00fcber, einen so qualifizierten Trainer in unseren Reihen zu haben und hoffen nat\u00fcrlich, dass unsere 1. Mannschaft noch lange davon profitieren kann &nbsp;<\/p>\n","protected":false},"excerpt":{"rendered":"<p>Wir gratulieren unserem Trainer der 1. Mannschaft, Patrick Heinzelmann, zum Erwerb der B-Lizenz-Trainer. Mit dieser Lizenz k\u00f6nnen Mannschaften bis hin zur Oberliga trainiert werden. Er selbst kommentierte die bestandene Pr\u00fcfung wie folgt : &#8222;Nach sehr intensiven und spannenden 3 \u00bd Wochen bin ich sehr gl\u00fccklich nun meine B-Lizenz erfolgreich abgeschlossen zu haben. Den angestrebten Notenschnitt&hellip;&nbsp;<a href=\"https:\/\/mfc08.de\/?p=3674\" rel=\"bookmark\">Weiterlesen &raquo;<span class=\"screen-reader-text\">Patrick Heinzelmann erwirbt B-Lizenz<\/span><\/a><\/p>\n","protected":false},"author":5,"featured_media":3675,"comment_status":"closed","ping_status":"open","sticky":false,"template":"","format":"standard","meta":{"neve_meta_sidebar":"","neve_meta_container":"","neve_meta_enable_content_width":"","neve_meta_content_width":0,"neve_meta_title_alignment":"","neve_meta_author_avatar":"","neve_post_elements_order":"","neve_meta_disable_header":"","neve_meta_disable_footer":"","neve_meta_disable_title":"","_themeisle_gutenberg_block_has_review":false,"footnotes":""},"categories":[3],"tags":[],"class_list":["post-3674","post","type-post","status-publish","format-standard","has-post-thumbnail","hentry","category-1-mannschaft"],"_links":{"self":[{"href":"https:\/\/mfc08.de\/index.php?rest_route=\/wp\/v2\/posts\/3674","targetHints":{"allow":["GET"]}}],"collection":[{"href":"https:\/\/mfc08.de\/index.php?rest_route=\/wp\/v2\/posts"}],"about":[{"href":"https:\/\/mfc08.de\/index.php?rest_route=\/wp\/v2\/types\/post"}],"author":[{"embeddable":true,"href":"https:\/\/mfc08.de\/index.php?rest_route=\/wp\/v2\/users\/5"}],"replies":[{"embeddable":true,"href":"https:\/\/mfc08.de\/index.php?rest_route=%2Fwp%2Fv2%2Fcomments&post=3674"}],"version-history":[{"count":1,"href":"https:\/\/mfc08.de\/index.php?rest_route=\/wp\/v2\/posts\/3674\/revisions"}],"predecessor-version":[{"id":3676,"href":"https:\/\/mfc08.de\/index.php?rest_route=\/wp\/v2\/posts\/3674\/revisions\/3676"}],"wp:featuredmedia":[{"embeddable":true,"href":"https:\/\/mfc08.de\/index.php?rest_route=\/wp\/v2\/media\/3675"}],"wp:attachment":[{"href":"https:\/\/mfc08.de\/index.php?rest_route=%2Fwp%2Fv2%2Fmedia&parent=3674"}],"wp:term":[{"taxonomy":"category","embeddable":true,"href":"https:\/\/mfc08.de\/index.php?rest_route=%2Fwp%2Fv2%2Fcategories&post=3674"},{"taxonomy":"post_tag","embeddable":true,"href":"https:\/\/mfc08.de\/index.php?rest_route=%2Fwp%2Fv2%2Ftags&post=3674"}],"curies":[{"name":"wp","href":"https:\/\/api.w.org\/{rel}","templated":true}]}}