{"id":3782,"date":"2021-09-13T14:57:22","date_gmt":"2021-09-13T14:57:22","guid":{"rendered":"https:\/\/mfc08.de\/?p=3782"},"modified":"2021-09-13T14:57:24","modified_gmt":"2021-09-13T14:57:24","slug":"rot-weiss-rheinau-2-mfc-08-lindenhof-2-17-11","status":"publish","type":"post","link":"https:\/\/mfc08.de\/?p=3782","title":{"rendered":"Rot-Wei\u00df Rheinau 2 &#8211; MFC 08 Lindenhof 2  1:7 (1:1)"},"content":{"rendered":"\n<p>Zu einem letztlich klaren 7:1 (1:1) Erfolg kam die zweite Mannschaft bei Rot-Wei\u00df Rheinau 2<\/p>\n\n\n\n<p>Das Spiel begann nicht gut f\u00fcr unsere Elf, die schon fr\u00fch in R\u00fcckstand geriet. Kurz vor der Pause gelang durch ein Eigentor der Ausgleich. Aber nach der Pause stellten Thimo Sona und Jonas Ochotta schnell die Weichen auf Sieg. Mit je 3 Treffern sorgten die Beiden f\u00fcr den Endstand.<\/p>\n\n\n\n<p>Weiter geht es f\u00fcr die zweite Mannschaft am n\u00e4chsten Sonntag gegen VfL Hockenheim &nbsp;&nbsp;&nbsp;&nbsp;&nbsp;<\/p>\n","protected":false},"excerpt":{"rendered":"<p>Zu einem letztlich klaren 7:1 (1:1) Erfolg kam die zweite Mannschaft bei Rot-Wei\u00df Rheinau 2 Das Spiel begann nicht gut f\u00fcr unsere Elf, die schon fr\u00fch in R\u00fcckstand geriet. Kurz vor der Pause gelang durch ein Eigentor der Ausgleich. Aber nach der Pause stellten Thimo Sona und Jonas Ochotta schnell die Weichen auf Sieg. Mit&hellip;&nbsp;<a href=\"https:\/\/mfc08.de\/?p=3782\" rel=\"bookmark\">Weiterlesen &raquo;<span class=\"screen-reader-text\">Rot-Wei\u00df Rheinau 2 &#8211; MFC 08 Lindenhof 2  1:7 (1:1)<\/span><\/a><\/p>\n","protected":false},"author":5,"featured_media":1578,"comment_status":"closed","ping_status":"open","sticky":false,"template":"","format":"standard","meta":{"neve_meta_sidebar":"","neve_meta_container":"","neve_meta_enable_content_width":"","neve_meta_content_width":0,"neve_meta_title_alignment":"","neve_meta_author_avatar":"","neve_post_elements_order":"","neve_meta_disable_header":"","neve_meta_disable_footer":"","neve_meta_disable_title":"","_themeisle_gutenberg_block_has_review":false,"footnotes":""},"categories":[5],"tags":[],"class_list":["post-3782","post","type-post","status-publish","format-standard","has-post-thumbnail","hentry","category-2-mannschaft"],"_links":{"self":[{"href":"https:\/\/mfc08.de\/index.php?rest_route=\/wp\/v2\/posts\/3782","targetHints":{"allow":["GET"]}}],"collection":[{"href":"https:\/\/mfc08.de\/index.php?rest_route=\/wp\/v2\/posts"}],"about":[{"href":"https:\/\/mfc08.de\/index.php?rest_route=\/wp\/v2\/types\/post"}],"author":[{"embeddable":true,"href":"https:\/\/mfc08.de\/index.php?rest_route=\/wp\/v2\/users\/5"}],"replies":[{"embeddable":true,"href":"https:\/\/mfc08.de\/index.php?rest_route=%2Fwp%2Fv2%2Fcomments&post=3782"}],"version-history":[{"count":1,"href":"https:\/\/mfc08.de\/index.php?rest_route=\/wp\/v2\/posts\/3782\/revisions"}],"predecessor-version":[{"id":3783,"href":"https:\/\/mfc08.de\/index.php?rest_route=\/wp\/v2\/posts\/3782\/revisions\/3783"}],"wp:featuredmedia":[{"embeddable":true,"href":"https:\/\/mfc08.de\/index.php?rest_route=\/wp\/v2\/media\/1578"}],"wp:attachment":[{"href":"https:\/\/mfc08.de\/index.php?rest_route=%2Fwp%2Fv2%2Fmedia&parent=3782"}],"wp:term":[{"taxonomy":"category","embeddable":true,"href":"https:\/\/mfc08.de\/index.php?rest_route=%2Fwp%2Fv2%2Fcategories&post=3782"},{"taxonomy":"post_tag","embeddable":true,"href":"https:\/\/mfc08.de\/index.php?rest_route=%2Fwp%2Fv2%2Ftags&post=3782"}],"curies":[{"name":"wp","href":"https:\/\/api.w.org\/{rel}","templated":true}]}}