{"id":3785,"date":"2022-03-06T18:01:23","date_gmt":"2022-03-06T18:01:23","guid":{"rendered":"https:\/\/mfc08.de\/?p=3785"},"modified":"2022-03-06T20:16:23","modified_gmt":"2022-03-06T20:16:23","slug":"jahreshauptversammlung-am-25-3-2022","status":"publish","type":"post","link":"https:\/\/mfc08.de\/?p=3785","title":{"rendered":"Jahreshauptversammlung am 25.3.2022"},"content":{"rendered":"\n<p><\/p>\n\n\n\n<p><\/p>\n\n\n\n<p><\/p>\n\n\n\n<p>\u00a0\u00a0\u00a0\u00a0\u00a0\u00a0\u00a0\u00a0\u00a0\u00a0\u00a0\u00a0\u00a0\u00a0\u00a0\u00a0\u00a0\u00a0\u00a0\u00a0\u00a0\u00a0\u00a0\u00a0\u00a0\u00a0\u00a0\u00a0\u00a0\u00a0\u00a0\u00a0\u00a0\u00a0\u00a0\u00a0\u00a0\u00a0\u00a0\u00a0\u00a0\u00a0\u00a0\u00a0\u00a0\u00a0\u00a0\u00a0\u00a0\u00a0\u00a0\u00a0\u00a0\u00a0\u00a0\u00a0\u00a0\u00a0\u00a0\u00a0\u00a0\u00a0\u00a0\u00a0\u00a0\u00a0\u00a0\u00a0\u00a0\u00a0\u00a0\u00a0\u00a0\u00a0\u00a0\u00a0\u00a0\u00a0\u00a0\u00a0\u00a0\u00a0\u00a0\u00a0\u00a0\u00a0\u00a0\u00a0\u00a0\u00a0\u00a0\u00a0\u00a0\u00a0\u00a0\u00a0\u00a0\u00a0\u00a0\u00a0\u00a0\u00a0\u00a0\u00a0\u00a0 Mannheim, den 6.3.2021<\/p>\n\n\n\n<p><strong>Einladung<\/strong><\/p>\n\n\n\n<p>zur ordentlichen Mitgliederversammlung des MFC 08 Lindenhof am Freitag, den 25.03.2022, um 19:00 Uhr im Clubhaus Promenadenweg 15, 68199 Mannheim<\/p>\n\n\n\n<p>Der Vorstand des MFC 08 Lindenhof l\u00e4dt Sie herzlich zu der vorgenannten Versammlung ein. Folgende Tagesordnung ist vorgesehen:<\/p>\n\n\n\n<ol class=\"wp-block-list\" type=\"1\"><li>Begr\u00fc\u00dfung durch den Vorsitzenden<\/li><li>Genehmigung der Tagesordnung<\/li><li>Bericht des Vorsitzenden und Berichte der Abteilungen und Gruppen<\/li><\/ol>\n\n\n\n<p>         a. \u00a0\u00a0Abteilung Fu\u00dfball\u00a0\u00a0 \u00a0\u00a0\u00a0\u00a0\u00a0<br>         b. \u00a0\u00a0Abteilung Jugend<br>         c. \u00a0\u00a0Abteilung Tennis<br>         d. \u00a0\u00a0Abteilung Roundnet<br>         e.\u00a0\u00a0 Gymnastik<\/p>\n\n\n\n<p>     4. Kassenbericht des Schatzmeisters<\/p>\n\n\n\n<p>     5. Bericht der Kassenpr\u00fcfer<\/p>\n\n\n\n<p>     6. Wahl eines Versammlungsleiters \/ einer Versammlungsleiterin<\/p>\n\n\n\n<p>     7. Entlastung des Vorstands  <\/p>\n\n\n\n<p>     8. Neuwahl des 1. Vorsitzenden<\/p>\n\n\n\n<p>     9. Neuwahlen<\/p>\n\n\n\n<p>&nbsp;&nbsp;&nbsp;&nbsp;&nbsp;&nbsp;&nbsp;&nbsp;&nbsp;&nbsp;&nbsp;&nbsp;&nbsp;&nbsp;&nbsp;&nbsp;&nbsp;&nbsp;&nbsp;&nbsp;&nbsp;&nbsp;&nbsp; a. &nbsp;&nbsp;des stellv. Vorsitzenden&nbsp;&nbsp;&nbsp;&nbsp;&nbsp;&nbsp;&nbsp;&nbsp; b. &nbsp;&nbsp;des Schatzmeisters<\/p>\n\n\n\n<p>\u00a0\u00a0\u00a0\u00a0\u00a0\u00a0\u00a0\u00a0\u00a0\u00a0\u00a0\u00a0\u00a0\u00a0\u00a0\u00a0\u00a0\u00a0\u00a0\u00a0\u00a0\u00a0\u00a0 c. \u00a0\u00a0der Kassenpr\u00fcfer\u00a0\u00a0\u00a0\u00a0\u00a0\u00a0\u00a0\u00a0\u00a0\u00a0\u00a0\u00a0\u00a0\u00a0\u00a0\u00a0\u00a0\u00a0\u00a0\u00a0 d. \u00a0\u00a0des \u00c4ltestenrats<br>     10. Antr\u00e4ge<\/p>\n\n\n\n<p>     11. Verschiedenes<\/p>\n\n\n\n<p>Wir freuen uns, Sie bei der Mitgliederversammlung zahlreich begr\u00fc\u00dfen zu d\u00fcrfen und verbleibe bis dahin<\/p>\n\n\n\n<p>mit sportlichen Gr\u00fc\u00dfen<br>der Vorstand des MFC 08 Lindenhof<\/p>\n\n\n\n<p><\/p>\n","protected":false},"excerpt":{"rendered":"<p>\u00a0\u00a0\u00a0\u00a0\u00a0\u00a0\u00a0\u00a0\u00a0\u00a0\u00a0\u00a0\u00a0\u00a0\u00a0\u00a0\u00a0\u00a0\u00a0\u00a0\u00a0\u00a0\u00a0\u00a0\u00a0\u00a0\u00a0\u00a0\u00a0\u00a0\u00a0\u00a0\u00a0\u00a0\u00a0\u00a0\u00a0\u00a0\u00a0\u00a0\u00a0\u00a0\u00a0\u00a0\u00a0\u00a0\u00a0\u00a0\u00a0\u00a0\u00a0\u00a0\u00a0\u00a0\u00a0\u00a0\u00a0\u00a0\u00a0\u00a0\u00a0\u00a0\u00a0\u00a0\u00a0\u00a0\u00a0\u00a0\u00a0\u00a0\u00a0\u00a0\u00a0\u00a0\u00a0\u00a0\u00a0\u00a0\u00a0\u00a0\u00a0\u00a0\u00a0\u00a0\u00a0\u00a0\u00a0\u00a0\u00a0\u00a0\u00a0\u00a0\u00a0\u00a0\u00a0\u00a0\u00a0\u00a0\u00a0\u00a0\u00a0\u00a0\u00a0\u00a0\u00a0 Mannheim, den 6.3.2021 Einladung zur ordentlichen Mitgliederversammlung des MFC 08 Lindenhof am Freitag, den 25.03.2022, um 19:00 Uhr im Clubhaus Promenadenweg 15, 68199 Mannheim Der Vorstand des MFC 08 Lindenhof l\u00e4dt Sie herzlich zu der vorgenannten Versammlung ein. Folgende Tagesordnung ist vorgesehen: Begr\u00fc\u00dfung durch den Vorsitzenden Genehmigung der Tagesordnung Bericht des Vorsitzenden und Berichte&hellip;&nbsp;<a href=\"https:\/\/mfc08.de\/?p=3785\" rel=\"bookmark\">Weiterlesen &raquo;<span class=\"screen-reader-text\">Jahreshauptversammlung am 25.3.2022<\/span><\/a><\/p>\n","protected":false},"author":2,"featured_media":3789,"comment_status":"closed","ping_status":"open","sticky":false,"template":"","format":"standard","meta":{"neve_meta_sidebar":"","neve_meta_container":"","neve_meta_enable_content_width":"","neve_meta_content_width":0,"neve_meta_title_alignment":"","neve_meta_author_avatar":"","neve_post_elements_order":"","neve_meta_disable_header":"","neve_meta_disable_footer":"","neve_meta_disable_title":"","_themeisle_gutenberg_block_has_review":false,"footnotes":""},"categories":[1],"tags":[],"class_list":["post-3785","post","type-post","status-publish","format-standard","has-post-thumbnail","hentry","category-uncategorized"],"_links":{"self":[{"href":"https:\/\/mfc08.de\/index.php?rest_route=\/wp\/v2\/posts\/3785","targetHints":{"allow":["GET"]}}],"collection":[{"href":"https:\/\/mfc08.de\/index.php?rest_route=\/wp\/v2\/posts"}],"about":[{"href":"https:\/\/mfc08.de\/index.php?rest_route=\/wp\/v2\/types\/post"}],"author":[{"embeddable":true,"href":"https:\/\/mfc08.de\/index.php?rest_route=\/wp\/v2\/users\/2"}],"replies":[{"embeddable":true,"href":"https:\/\/mfc08.de\/index.php?rest_route=%2Fwp%2Fv2%2Fcomments&post=3785"}],"version-history":[{"count":6,"href":"https:\/\/mfc08.de\/index.php?rest_route=\/wp\/v2\/posts\/3785\/revisions"}],"predecessor-version":[{"id":4828,"href":"https:\/\/mfc08.de\/index.php?rest_route=\/wp\/v2\/posts\/3785\/revisions\/4828"}],"wp:featuredmedia":[{"embeddable":true,"href":"https:\/\/mfc08.de\/index.php?rest_route=\/wp\/v2\/media\/3789"}],"wp:attachment":[{"href":"https:\/\/mfc08.de\/index.php?rest_route=%2Fwp%2Fv2%2Fmedia&parent=3785"}],"wp:term":[{"taxonomy":"category","embeddable":true,"href":"https:\/\/mfc08.de\/index.php?rest_route=%2Fwp%2Fv2%2Fcategories&post=3785"},{"taxonomy":"post_tag","embeddable":true,"href":"https:\/\/mfc08.de\/index.php?rest_route=%2Fwp%2Fv2%2Ftags&post=3785"}],"curies":[{"name":"wp","href":"https:\/\/api.w.org\/{rel}","templated":true}]}}