{"id":3888,"date":"2021-09-20T06:52:49","date_gmt":"2021-09-20T06:52:49","guid":{"rendered":"https:\/\/mfc08.de\/?p=3888"},"modified":"2021-09-20T06:52:50","modified_gmt":"2021-09-20T06:52:50","slug":"tennis-verabschiedung-heinz-waldbrenner","status":"publish","type":"post","link":"https:\/\/mfc08.de\/?p=3888","title":{"rendered":"Tennis: Verabschiedung Heinz Waldbrenner"},"content":{"rendered":"\n<p><strong>Heinz Waldbrenner als<\/strong> <strong>Abteilungsleiter Tennis nach 35 Jahren verabschiedet.<\/strong><\/p>\n\n\n\n<p>Im Rahmen der Mitgliederversammlung am 17.09.21 wurde Heinz Waldbrenner als Abteilungsleiter Tennis verabschiedet.<\/p>\n\n\n\n<p>Heinz ist 1974 dem MFC 08 beigetreten.<\/p>\n\n\n\n<p>1982 wurde die Tennisabteilung gegr\u00fcndet und seit 1983, mit wenigen Jahre Unterbrechung, hat Heinz die Tennisabteilung bis zum heutigen Tag sehr erfolgreich gef\u00fchrt. 2014 erhielt Heinz f\u00fcr seine besondere Leistung die Verdienstnadel in Gold.<\/p>\n\n\n\n<p>35 Jahre ein Amt zu bekleiden ist schon eine besondere Leistung, die ihresgleichen suchen muss. An seiner Seite immer Doris, seine Frau, die ihn in allen Belangen best\u00e4rkte und unterst\u00fctzte.<\/p>\n\n\n\n<p>Ein herzliches Danke an Beide und alles erdenklich Gute f\u00fcr die Zukunft.<\/p>\n\n\n\n<p>Auf dem oberen Bild hinten: Andreas Hauk und Marian D\u00fcrr; vorne Doris und Heinz Waldbrenner.<br>Auf dem unteren Bild die neu gew\u00e4hlte Abteilungsleitung Tennis, vlnr:<br>Marian D\u00fcrr, stv. Abteilungsleiter<br>Michael Seidl, Techn. Leitung<br>Andreas Hauk, Abteilungsleiter und Jugendwart<br>Gitti Roos, Schriftf\u00fchrerin<br>Michael Lorenz, Kassenwart<br>Uwe Leuck, Sportwart (fehlt leider auf dem Bild)<\/p>\n","protected":false},"excerpt":{"rendered":"<p>Heinz Waldbrenner als Abteilungsleiter Tennis nach 35 Jahren verabschiedet. Im Rahmen der Mitgliederversammlung am 17.09.21 wurde Heinz Waldbrenner als Abteilungsleiter Tennis verabschiedet. Heinz ist 1974 dem MFC 08 beigetreten. 1982 wurde die Tennisabteilung gegr\u00fcndet und seit 1983, mit wenigen Jahre Unterbrechung, hat Heinz die Tennisabteilung bis zum heutigen Tag sehr erfolgreich gef\u00fchrt. 2014 erhielt Heinz&hellip;&nbsp;<a href=\"https:\/\/mfc08.de\/?p=3888\" rel=\"bookmark\">Weiterlesen &raquo;<span class=\"screen-reader-text\">Tennis: Verabschiedung Heinz Waldbrenner<\/span><\/a><\/p>\n","protected":false},"author":6,"featured_media":3911,"comment_status":"closed","ping_status":"open","sticky":false,"template":"","format":"standard","meta":{"neve_meta_sidebar":"","neve_meta_container":"","neve_meta_enable_content_width":"","neve_meta_content_width":0,"neve_meta_title_alignment":"","neve_meta_author_avatar":"","neve_post_elements_order":"","neve_meta_disable_header":"","neve_meta_disable_footer":"","neve_meta_disable_title":"","_themeisle_gutenberg_block_has_review":false,"footnotes":""},"categories":[7,1],"tags":[],"class_list":["post-3888","post","type-post","status-publish","format-standard","has-post-thumbnail","hentry","category-tennis","category-uncategorized"],"_links":{"self":[{"href":"https:\/\/mfc08.de\/index.php?rest_route=\/wp\/v2\/posts\/3888","targetHints":{"allow":["GET"]}}],"collection":[{"href":"https:\/\/mfc08.de\/index.php?rest_route=\/wp\/v2\/posts"}],"about":[{"href":"https:\/\/mfc08.de\/index.php?rest_route=\/wp\/v2\/types\/post"}],"author":[{"embeddable":true,"href":"https:\/\/mfc08.de\/index.php?rest_route=\/wp\/v2\/users\/6"}],"replies":[{"embeddable":true,"href":"https:\/\/mfc08.de\/index.php?rest_route=%2Fwp%2Fv2%2Fcomments&post=3888"}],"version-history":[{"count":8,"href":"https:\/\/mfc08.de\/index.php?rest_route=\/wp\/v2\/posts\/3888\/revisions"}],"predecessor-version":[{"id":3914,"href":"https:\/\/mfc08.de\/index.php?rest_route=\/wp\/v2\/posts\/3888\/revisions\/3914"}],"wp:featuredmedia":[{"embeddable":true,"href":"https:\/\/mfc08.de\/index.php?rest_route=\/wp\/v2\/media\/3911"}],"wp:attachment":[{"href":"https:\/\/mfc08.de\/index.php?rest_route=%2Fwp%2Fv2%2Fmedia&parent=3888"}],"wp:term":[{"taxonomy":"category","embeddable":true,"href":"https:\/\/mfc08.de\/index.php?rest_route=%2Fwp%2Fv2%2Fcategories&post=3888"},{"taxonomy":"post_tag","embeddable":true,"href":"https:\/\/mfc08.de\/index.php?rest_route=%2Fwp%2Fv2%2Ftags&post=3888"}],"curies":[{"name":"wp","href":"https:\/\/api.w.org\/{rel}","templated":true}]}}