{"id":3904,"date":"2021-09-19T21:22:23","date_gmt":"2021-09-19T21:22:23","guid":{"rendered":"https:\/\/mfc08.de\/?p=3904"},"modified":"2021-09-19T21:22:27","modified_gmt":"2021-09-19T21:22:27","slug":"mfc-08-lindenhof-2-vfl-hockenheim-22-01","status":"publish","type":"post","link":"https:\/\/mfc08.de\/?p=3904","title":{"rendered":"MFC 08 Lindenhof 2 &#8211; VfL Hockenheim 2:2 (0:1)"},"content":{"rendered":"\n<p>In einem guten B-Klassen-Spiel trennte sich die 2. Mannschaft 2:2 (0:1) Unentschieden vom VfL Hockenheim.<\/p>\n\n\n\n<p>Es entwickelte sich von Anfang an ein sehr offenes Spiel, in dem die G\u00e4ste zun\u00e4chst leichte Vorteile und die ersten gef\u00e4hrliche Abschl\u00fcsse hatten. Die erste gute Chance f\u00fcr unsere Elf hatte dann Leon Umst\u00e4tter, der jedoch knapp am Tor vorbei schoss. Danach scheiterten die G\u00e4ste am Pfosten, ehe erneut Leon Umst\u00e4tter knapp verzog. Nach einer halben Stunde ging Hockenheim dann aber doch, zu diesem Zeitpunkt durchaus verdient, in F\u00fchrung. Mit diesem 0:1 ging es auch in die Pause. Durch einen Konter erh\u00f6hten die G\u00e4ste direkt nach der Pause sogar auf 0:2. Aber unsere Zweite lie\u00df sich davon nicht entmutigen und Mathias Roesinger verk\u00fcrzte durch einen herrlichen Freisto\u00df auf 1:2. In der Folge war unsere Truppe optisch \u00fcberlegen, aber die G\u00e4ste waren immer brandgef\u00e4hrlich, unter anderem trafen sie bei einem Freisto\u00df die Latte. Erneut Mathias Roesinger war es dann, der mit einem satten Schuss den mittlerweile verdienten Ausgleich erzielte. Auch im Anschluss suchten beide Mannschaften immer wieder den Weg nach vorne und es gab noch Chancen auf beiden Seiten, aber ein weiterer Treffer wollte nicht mehr fallen. Somit blieb es beim letztlich gerechten 2:2 Unentschieden<\/p>\n\n\n\n<p>Im n\u00e4chsten Spiel tritt die zweite Mannschaft beim Verfolger SV 98 Schwetzingen 2 an<\/p>\n","protected":false},"excerpt":{"rendered":"<p>In einem guten B-Klassen-Spiel trennte sich die 2. Mannschaft 2:2 (0:1) Unentschieden vom VfL Hockenheim. Es entwickelte sich von Anfang an ein sehr offenes Spiel, in dem die G\u00e4ste zun\u00e4chst leichte Vorteile und die ersten gef\u00e4hrliche Abschl\u00fcsse hatten. Die erste gute Chance f\u00fcr unsere Elf hatte dann Leon Umst\u00e4tter, der jedoch knapp am Tor vorbei&hellip;&nbsp;<a href=\"https:\/\/mfc08.de\/?p=3904\" rel=\"bookmark\">Weiterlesen &raquo;<span class=\"screen-reader-text\">MFC 08 Lindenhof 2 &#8211; VfL Hockenheim 2:2 (0:1)<\/span><\/a><\/p>\n","protected":false},"author":5,"featured_media":1578,"comment_status":"closed","ping_status":"open","sticky":false,"template":"","format":"standard","meta":{"neve_meta_sidebar":"","neve_meta_container":"","neve_meta_enable_content_width":"","neve_meta_content_width":0,"neve_meta_title_alignment":"","neve_meta_author_avatar":"","neve_post_elements_order":"","neve_meta_disable_header":"","neve_meta_disable_footer":"","neve_meta_disable_title":"","_themeisle_gutenberg_block_has_review":false,"footnotes":""},"categories":[5],"tags":[],"class_list":["post-3904","post","type-post","status-publish","format-standard","has-post-thumbnail","hentry","category-2-mannschaft"],"_links":{"self":[{"href":"https:\/\/mfc08.de\/index.php?rest_route=\/wp\/v2\/posts\/3904","targetHints":{"allow":["GET"]}}],"collection":[{"href":"https:\/\/mfc08.de\/index.php?rest_route=\/wp\/v2\/posts"}],"about":[{"href":"https:\/\/mfc08.de\/index.php?rest_route=\/wp\/v2\/types\/post"}],"author":[{"embeddable":true,"href":"https:\/\/mfc08.de\/index.php?rest_route=\/wp\/v2\/users\/5"}],"replies":[{"embeddable":true,"href":"https:\/\/mfc08.de\/index.php?rest_route=%2Fwp%2Fv2%2Fcomments&post=3904"}],"version-history":[{"count":1,"href":"https:\/\/mfc08.de\/index.php?rest_route=\/wp\/v2\/posts\/3904\/revisions"}],"predecessor-version":[{"id":3905,"href":"https:\/\/mfc08.de\/index.php?rest_route=\/wp\/v2\/posts\/3904\/revisions\/3905"}],"wp:featuredmedia":[{"embeddable":true,"href":"https:\/\/mfc08.de\/index.php?rest_route=\/wp\/v2\/media\/1578"}],"wp:attachment":[{"href":"https:\/\/mfc08.de\/index.php?rest_route=%2Fwp%2Fv2%2Fmedia&parent=3904"}],"wp:term":[{"taxonomy":"category","embeddable":true,"href":"https:\/\/mfc08.de\/index.php?rest_route=%2Fwp%2Fv2%2Fcategories&post=3904"},{"taxonomy":"post_tag","embeddable":true,"href":"https:\/\/mfc08.de\/index.php?rest_route=%2Fwp%2Fv2%2Ftags&post=3904"}],"curies":[{"name":"wp","href":"https:\/\/api.w.org\/{rel}","templated":true}]}}