{"id":3916,"date":"2021-09-26T19:28:18","date_gmt":"2021-09-26T19:28:18","guid":{"rendered":"https:\/\/mfc08.de\/?p=3916"},"modified":"2021-09-26T19:28:20","modified_gmt":"2021-09-26T19:28:20","slug":"sv-98-schwetzingen-2-mfc-08-lindenhof-2-06-02","status":"publish","type":"post","link":"https:\/\/mfc08.de\/?p=3916","title":{"rendered":"SV 98 Schwetzingen 2 &#8211; MFC 08 Lindenhof 2 0:6 (0:2)"},"content":{"rendered":"\n<p>Zu einem ungef\u00e4hrdeten 6:0 (2:0) Sieg kam die zweite Mannschaft beim SV 98 Schwetzingen 2.<\/p>\n\n\n\n<p>Die Mannschaft kontrollierte die Partie von Anfang an und ging auch schon fr\u00fch durch einen Doppelschlag mit 2:0 in F\u00fchrung. Zun\u00e4chst spielten sich Amine Ghebreselasie und Diderot Tapoule de Tapoule aussen durch und die Hereingabe von Letzerem lenkte ein Abwehrspieler ins eigene Netz. Und schon kurz danach spielte Amine Ghebreselasie einen Pass auf Marcel Metzger, der zum 2:0 traf. Auch danach unsere Elf das deutlich bessere Team, ein weiterer Treffer wollte aber bis zur Pause trotz guter M\u00f6glichkeiten nicht mehr gelingen. Aber zu Beginn der zweiten Halbzeit sorgte das Team dann schnell f\u00fcr klare Verh\u00e4ltnisse. In einem Laufduell konnte sich Amine Ghebreselasie durchsetzen, umspielte noch den Torh\u00fcter und erh\u00f6hte auf 3:0. Wenig sp\u00e4ter erh\u00f6hte erneut Marcel Metzger auf 4:0. Mitte der zweiten Halbzeit war es erneut Amine Ghebreselasie der mit einem direkt verwandelten Freisto\u00df auf 5:0 erh\u00f6hte. Auch danach gab es weitere Chancen, aber erst in der Nachspielzeit erh\u00f6hte Christian Bindariu auf 6:0<\/p>\n\n\n\n<p>Mit diesem Sieg verbesserte sich die Mannschaft auf den 2. Platz und hat diese Woche mit 2 Heimspielen die Chance die Position zu festigen. Am Mittwoch steht das Nachholspiel gegen FC Viktoria Neckarhausen 2 an und am Sonntag empf\u00e4ngt man den FC Hochst\u00e4tt T\u00fcrkspor 2.<\/p>\n","protected":false},"excerpt":{"rendered":"<p>Zu einem ungef\u00e4hrdeten 6:0 (2:0) Sieg kam die zweite Mannschaft beim SV 98 Schwetzingen 2. Die Mannschaft kontrollierte die Partie von Anfang an und ging auch schon fr\u00fch durch einen Doppelschlag mit 2:0 in F\u00fchrung. Zun\u00e4chst spielten sich Amine Ghebreselasie und Diderot Tapoule de Tapoule aussen durch und die Hereingabe von Letzerem lenkte ein Abwehrspieler&hellip;&nbsp;<a href=\"https:\/\/mfc08.de\/?p=3916\" rel=\"bookmark\">Weiterlesen &raquo;<span class=\"screen-reader-text\">SV 98 Schwetzingen 2 &#8211; MFC 08 Lindenhof 2 0:6 (0:2)<\/span><\/a><\/p>\n","protected":false},"author":5,"featured_media":1578,"comment_status":"closed","ping_status":"open","sticky":false,"template":"","format":"standard","meta":{"neve_meta_sidebar":"","neve_meta_container":"","neve_meta_enable_content_width":"","neve_meta_content_width":0,"neve_meta_title_alignment":"","neve_meta_author_avatar":"","neve_post_elements_order":"","neve_meta_disable_header":"","neve_meta_disable_footer":"","neve_meta_disable_title":"","_themeisle_gutenberg_block_has_review":false,"footnotes":""},"categories":[5],"tags":[],"class_list":["post-3916","post","type-post","status-publish","format-standard","has-post-thumbnail","hentry","category-2-mannschaft"],"_links":{"self":[{"href":"https:\/\/mfc08.de\/index.php?rest_route=\/wp\/v2\/posts\/3916","targetHints":{"allow":["GET"]}}],"collection":[{"href":"https:\/\/mfc08.de\/index.php?rest_route=\/wp\/v2\/posts"}],"about":[{"href":"https:\/\/mfc08.de\/index.php?rest_route=\/wp\/v2\/types\/post"}],"author":[{"embeddable":true,"href":"https:\/\/mfc08.de\/index.php?rest_route=\/wp\/v2\/users\/5"}],"replies":[{"embeddable":true,"href":"https:\/\/mfc08.de\/index.php?rest_route=%2Fwp%2Fv2%2Fcomments&post=3916"}],"version-history":[{"count":1,"href":"https:\/\/mfc08.de\/index.php?rest_route=\/wp\/v2\/posts\/3916\/revisions"}],"predecessor-version":[{"id":3917,"href":"https:\/\/mfc08.de\/index.php?rest_route=\/wp\/v2\/posts\/3916\/revisions\/3917"}],"wp:featuredmedia":[{"embeddable":true,"href":"https:\/\/mfc08.de\/index.php?rest_route=\/wp\/v2\/media\/1578"}],"wp:attachment":[{"href":"https:\/\/mfc08.de\/index.php?rest_route=%2Fwp%2Fv2%2Fmedia&parent=3916"}],"wp:term":[{"taxonomy":"category","embeddable":true,"href":"https:\/\/mfc08.de\/index.php?rest_route=%2Fwp%2Fv2%2Fcategories&post=3916"},{"taxonomy":"post_tag","embeddable":true,"href":"https:\/\/mfc08.de\/index.php?rest_route=%2Fwp%2Fv2%2Ftags&post=3916"}],"curies":[{"name":"wp","href":"https:\/\/api.w.org\/{rel}","templated":true}]}}