{"id":3993,"date":"2021-10-03T04:53:18","date_gmt":"2021-10-03T04:53:18","guid":{"rendered":"https:\/\/mfc08.de\/?p=3993"},"modified":"2021-10-03T05:08:57","modified_gmt":"2021-10-03T05:08:57","slug":"jahreshauptversammlung-mit-wie-seit-jahren-gewohnt-harmonischem-verlauf","status":"publish","type":"post","link":"https:\/\/mfc08.de\/?p=3993","title":{"rendered":"Jahreshauptversammlung mit, wie seit Jahren gewohnt, harmonischem Verlauf"},"content":{"rendered":"\n<p>Am Freitag, den 1.10.2021 fand die erneut auf Grund der Corona Pandemie verschobene Jahreshauptversammlung des MFC 08 Lindenhof in der Vereinsgastst\u00e4tte am Promenadenweg statt.<\/p>\n\n\n\n<p>Die Berichte des Vorstandes und der Abteilungen fielen jeweils kurz und b\u00fcndig aus, da die Auswirkungen der Einschr\u00e4nkungen durch die Coronaverordnungen noch deutlich sp\u00fcrbar waren und sind.<\/p>\n\n\n\n<p>Der interessante Teil des Vorstandsberichtes war der Ausblick auf eine sich hoffentlich schnell normalisierende Zeit. Das Vereinsgel\u00e4nde soll insgesamt ein wenig aufgepeppt werden. Das \u201eSprecherh\u00e4uschen\u201c soll einer kleinen Trib\u00fcne weichen, der Bereich rund um die Grillh\u00fctte etwas ansprechender und moderner gestaltet werden, und als Gro\u00dfma\u00dfnahme ist die Sanierung des Kabinen- und Duschgeb\u00e4udes in Planung.<\/p>\n\n\n\n<p>Im Fu\u00dfballbereich wurde die tatenlose Zeit genutzt, um viele Gespr\u00e4che mit potentiellen Neuzug\u00e4ngen zu f\u00fchren. Das Ziel war eine etwas breitere Basis an Spielern mit gutem Kreisliganiveau zu haben. Dies hat offensichtlich funktioniert, wie die derzeitige Tabellensituation der beiden aktiven Mannschaften unterstreicht.<\/p>\n\n\n\n<p>Die Jugendabteilung hatte ebenfalls mit den stets neuen Regelungen zu k\u00e4mpfen. Es gelang aber jeweils im Rahmen des Erlaubten den vielen Kindern immer wieder die M\u00f6glichkeit zu bieten, sich in kleinen Gruppen sportlich zu bet\u00e4tigen.<\/p>\n\n\n\n<p>Die Tennisabteilung hatte die Gunst der Stunde ergriffen, und mit dem angebotenen Schnupperjahr auch viele unserer Fu\u00dfballer zum Tennisspielen begeistern k\u00f6nnen. Dies galt insbesondere f\u00fcr die Zeit, in der das Fu\u00dfballtraining nicht erlaubt war. Hierf\u00fcr wurde auch ein Platzreservierungssystem eingef\u00fchrt und in diesem Zuge generell die Homepage wesentlich zeitgem\u00e4\u00dfer gestaltet.<\/p>\n\n\n\n<p>Am schlimmsten traf die Pandemie unsere kleinste Abteilung. Die Gymnastikstunde konnte innerhalb eines Jahres in der Diesterwegschule lediglich sechs Mal stattfinden.<\/p>\n\n\n\n<p>Eine weitere Konsequenz ist der generelle Mitgliederr\u00fcckgang. Er ist weniger durch eine h\u00f6here Anzahl an Austritten entstanden, sondern durch die fast zwei Jahre lang fehlenden Neubeitritte. Wer schlie\u00dft sich schon einem Sportverein an, wenn er dort keinen Sport treiben kann.<\/p>\n\n\n\n<p>Dem folgenden Bericht des Schatzmeisters in Verbindung mit dem Bericht der Kassenpr\u00fcfer schloss sich die Entlastung des Vorstandes an. Neu gew\u00e4hlt bzw. mit einer personellen Erg\u00e4nzung best\u00e4tigt wurden die Kassenpr\u00fcfer und der \u00c4ltestenrat.<\/p>\n\n\n\n<p>Hinsichtlich der aktuellen Mitgliederentwicklung sp\u00fcren wir die ersten positiven Folgen der Ausweitung des Lindenhofs im Bereich des Gl\u00fccksteinquartiers. Wir wollen daher in allen Bereichen gut ger\u00fcstet sein, um den 08er f\u00fcr Neumitglieder m\u00f6glichst attraktiv zu halten.<\/p>\n\n\n\n<p>Zum Abschluss der Versammlung gab es zum Punkt \u201eVerschiedenes\u201c noch einige interessante Fragen und Anregungen, insbesondere wird sich ein kleines Gremium mit der Anpassung der in die Jahre gekommenen Vereinssatzung an die aktuellen Gegebenheiten befassen.<\/p>\n\n\n\n<p>Die Jahreshauptversammlung war damit beendet, in der sehr gut besuchten Vereinsgastst\u00e4tte nahm der Abend dann sein geselliges Ende.<\/p>\n","protected":false},"excerpt":{"rendered":"<p>Am Freitag, den 1.10.2021 fand die erneut auf Grund der Corona Pandemie verschobene Jahreshauptversammlung des MFC 08 Lindenhof in der Vereinsgastst\u00e4tte am Promenadenweg statt. Die Berichte des Vorstandes und der Abteilungen fielen jeweils kurz und b\u00fcndig aus, da die Auswirkungen der Einschr\u00e4nkungen durch die Coronaverordnungen noch deutlich sp\u00fcrbar waren und sind. Der interessante Teil des&hellip;&nbsp;<a href=\"https:\/\/mfc08.de\/?p=3993\" rel=\"bookmark\">Weiterlesen &raquo;<span class=\"screen-reader-text\">Jahreshauptversammlung mit, wie seit Jahren gewohnt, harmonischem Verlauf<\/span><\/a><\/p>\n","protected":false},"author":2,"featured_media":469,"comment_status":"closed","ping_status":"open","sticky":false,"template":"","format":"standard","meta":{"neve_meta_sidebar":"","neve_meta_container":"","neve_meta_enable_content_width":"","neve_meta_content_width":0,"neve_meta_title_alignment":"","neve_meta_author_avatar":"","neve_post_elements_order":"","neve_meta_disable_header":"","neve_meta_disable_footer":"","neve_meta_disable_title":"","_themeisle_gutenberg_block_has_review":false,"footnotes":""},"categories":[1],"tags":[],"class_list":["post-3993","post","type-post","status-publish","format-standard","has-post-thumbnail","hentry","category-uncategorized"],"_links":{"self":[{"href":"https:\/\/mfc08.de\/index.php?rest_route=\/wp\/v2\/posts\/3993","targetHints":{"allow":["GET"]}}],"collection":[{"href":"https:\/\/mfc08.de\/index.php?rest_route=\/wp\/v2\/posts"}],"about":[{"href":"https:\/\/mfc08.de\/index.php?rest_route=\/wp\/v2\/types\/post"}],"author":[{"embeddable":true,"href":"https:\/\/mfc08.de\/index.php?rest_route=\/wp\/v2\/users\/2"}],"replies":[{"embeddable":true,"href":"https:\/\/mfc08.de\/index.php?rest_route=%2Fwp%2Fv2%2Fcomments&post=3993"}],"version-history":[{"count":2,"href":"https:\/\/mfc08.de\/index.php?rest_route=\/wp\/v2\/posts\/3993\/revisions"}],"predecessor-version":[{"id":3995,"href":"https:\/\/mfc08.de\/index.php?rest_route=\/wp\/v2\/posts\/3993\/revisions\/3995"}],"wp:featuredmedia":[{"embeddable":true,"href":"https:\/\/mfc08.de\/index.php?rest_route=\/wp\/v2\/media\/469"}],"wp:attachment":[{"href":"https:\/\/mfc08.de\/index.php?rest_route=%2Fwp%2Fv2%2Fmedia&parent=3993"}],"wp:term":[{"taxonomy":"category","embeddable":true,"href":"https:\/\/mfc08.de\/index.php?rest_route=%2Fwp%2Fv2%2Fcategories&post=3993"},{"taxonomy":"post_tag","embeddable":true,"href":"https:\/\/mfc08.de\/index.php?rest_route=%2Fwp%2Fv2%2Ftags&post=3993"}],"curies":[{"name":"wp","href":"https:\/\/api.w.org\/{rel}","templated":true}]}}