{"id":4010,"date":"2021-10-10T19:25:41","date_gmt":"2021-10-10T19:25:41","guid":{"rendered":"https:\/\/mfc08.de\/?p=4010"},"modified":"2021-11-23T15:47:16","modified_gmt":"2021-11-23T15:47:16","slug":"spvgg-wallstadt-mfc-08-lindenhof-13-12","status":"publish","type":"post","link":"https:\/\/mfc08.de\/?p=4010","title":{"rendered":"Spvgg Wallstadt &#8211; MFC 08 Lindenhof 1:3 (1:2)"},"content":{"rendered":"\n<p>Zu einem verdienten 3:1 (2:1) Sieg kam die erste Mannschaft im Spitzenspiel beim bisherigen Tabellen-2. Spvgg Wallstadt und \u00fcbernahm damit selbst den 2. Platz<\/p>\n\n\n\n<p>Die Gastgeber starteten druckvoll in die Partei und konnten schon fr\u00fch im Anschluss an einen Eckball die F\u00fchrung zu erzielen. Es dauerte etwas bis unsere Mannschaft ins Spiel fand, doch dann gelang der Ausgleich. Nach einem sch\u00f6nen Angriff \u00fcber Au\u00dfen kam zun\u00e4chst Yusuf Demirci zum Schuss, er konnte noch geblockt werden, aber der Ball bleib im Strafraum und Oliver Schlick erzielte im Nachsetzen den Ausgleich. Danach konnte sich unsere Elf ein leichtes \u00dcbergewicht erspielen und kam auch zu weiteren Chancen, doch bei einem Schuss von Felix Schreckenberger und einem Kopfball von Oliver Schlick reagierte der Wallst\u00e4dter Torwart zweimal sehr gut. Die Gastgeber versuchten es immer wieder mit langen B\u00e4llen oder hohen Flanken, aber die Defensive hatte sich jetzt gut darauf eingestellt und konnte somit weitere Chancen verhindern. Kurz vor der Pause dann die mittlerweile verdiente F\u00fchrung. Nach einem Freisto\u00df von Timo Staffeldt konnte Yusuf Demirci den Ball im gegnerischen Strafraum gut behaupten, legte auf Ivan Vlaho ab und der traf zur Pausenf\u00fchrung. Nach der Pause entwickelte sich ein sehr kampfbetontes Spiel, in dem sich beide Mannschaften weitgehend neutralisierten. Beide Defensivreihen standen sicher, so dass in den Strafr\u00e4umen nicht viel passierte. Bei einem Kopfball der Wallst\u00e4dter reagierte Marcel Jehle im 08 Tor gut, auf der anderen Seite hatte der gerade eingewechselte Adrian Schmitt die gro\u00dfe Chance zum 3:1, setzte aber eine flache Hereingabe von Felix Schreckenberger \u00fcber das Tor. Kurz vor Schluss war es dann aber soweit. Nach einem Eckball kam Christian Bauer an den Ball und erzielte im Nachsetzen das 3:1. Bei diesem Spielstand blieb es bis zum Abpfiff und somit war der Sieg in diesem Spitzenspiel unter Dach und Fach.<\/p>\n\n\n\n<p>Am n\u00e4chsten Sonntag steht mit dem Spiel gegen den neuen Tabellen-Dritten TSG Eintracht Plankstadt das n\u00e4chste Spitzenspiel auf dem Programm, in dem sich die Chance bietet den zweiten Platz zu festigen. (Das Spiel bei Rot-Wei\u00df Rheinau wurde nochmals auf den 3.11. verlegt) &nbsp;&nbsp;&nbsp;&nbsp;&nbsp;&nbsp;&nbsp;&nbsp;&nbsp;&nbsp;&nbsp;&nbsp;&nbsp;&nbsp;&nbsp;&nbsp;&nbsp;&nbsp;&nbsp;&nbsp;&nbsp;&nbsp;&nbsp;&nbsp;&nbsp;&nbsp;&nbsp;<\/p>\n","protected":false},"excerpt":{"rendered":"<p>Zu einem verdienten 3:1 (2:1) Sieg kam die erste Mannschaft im Spitzenspiel beim bisherigen Tabellen-2. Spvgg Wallstadt und \u00fcbernahm damit selbst den 2. Platz Die Gastgeber starteten druckvoll in die Partei und konnten schon fr\u00fch im Anschluss an einen Eckball die F\u00fchrung zu erzielen. Es dauerte etwas bis unsere Mannschaft ins Spiel fand, doch dann&hellip;&nbsp;<a href=\"https:\/\/mfc08.de\/?p=4010\" rel=\"bookmark\">Weiterlesen &raquo;<span class=\"screen-reader-text\">Spvgg Wallstadt &#8211; MFC 08 Lindenhof 1:3 (1:2)<\/span><\/a><\/p>\n","protected":false},"author":5,"featured_media":4013,"comment_status":"closed","ping_status":"closed","sticky":false,"template":"","format":"standard","meta":{"neve_meta_sidebar":"","neve_meta_container":"","neve_meta_enable_content_width":"","neve_meta_content_width":0,"neve_meta_title_alignment":"","neve_meta_author_avatar":"","neve_post_elements_order":"","neve_meta_disable_header":"","neve_meta_disable_footer":"","neve_meta_disable_title":"","_themeisle_gutenberg_block_has_review":false,"footnotes":""},"categories":[3],"tags":[],"class_list":["post-4010","post","type-post","status-publish","format-standard","has-post-thumbnail","hentry","category-1-mannschaft"],"_links":{"self":[{"href":"https:\/\/mfc08.de\/index.php?rest_route=\/wp\/v2\/posts\/4010","targetHints":{"allow":["GET"]}}],"collection":[{"href":"https:\/\/mfc08.de\/index.php?rest_route=\/wp\/v2\/posts"}],"about":[{"href":"https:\/\/mfc08.de\/index.php?rest_route=\/wp\/v2\/types\/post"}],"author":[{"embeddable":true,"href":"https:\/\/mfc08.de\/index.php?rest_route=\/wp\/v2\/users\/5"}],"replies":[{"embeddable":true,"href":"https:\/\/mfc08.de\/index.php?rest_route=%2Fwp%2Fv2%2Fcomments&post=4010"}],"version-history":[{"count":1,"href":"https:\/\/mfc08.de\/index.php?rest_route=\/wp\/v2\/posts\/4010\/revisions"}],"predecessor-version":[{"id":4011,"href":"https:\/\/mfc08.de\/index.php?rest_route=\/wp\/v2\/posts\/4010\/revisions\/4011"}],"wp:featuredmedia":[{"embeddable":true,"href":"https:\/\/mfc08.de\/index.php?rest_route=\/wp\/v2\/media\/4013"}],"wp:attachment":[{"href":"https:\/\/mfc08.de\/index.php?rest_route=%2Fwp%2Fv2%2Fmedia&parent=4010"}],"wp:term":[{"taxonomy":"category","embeddable":true,"href":"https:\/\/mfc08.de\/index.php?rest_route=%2Fwp%2Fv2%2Fcategories&post=4010"},{"taxonomy":"post_tag","embeddable":true,"href":"https:\/\/mfc08.de\/index.php?rest_route=%2Fwp%2Fv2%2Ftags&post=4010"}],"curies":[{"name":"wp","href":"https:\/\/api.w.org\/{rel}","templated":true}]}}