{"id":4063,"date":"2021-10-24T19:19:19","date_gmt":"2021-10-24T19:19:19","guid":{"rendered":"https:\/\/mfc08.de\/?p=4063"},"modified":"2021-11-23T15:47:16","modified_gmt":"2021-11-23T15:47:16","slug":"tsv-neckarau-mfc-08-lindenhof-01-00","status":"publish","type":"post","link":"https:\/\/mfc08.de\/?p=4063","title":{"rendered":"TSV Neckarau &#8211; MFC 08 Lindenhof 0:1 (0:0)"},"content":{"rendered":"\n<p>Mit einem hart erk\u00e4mpften 1:0 (0:0) endete das Derby unserer ersten Mannschaft beim TSV Neckarau, wobei der Siegtreffer in Unterzahl erzielt wurde.<\/p>\n\n\n\n<p>Es entwickelte sich von Anfang an ein recht zerfahrenes Spiel, in dem kaum einmal Spielfluss aufkam. Nach einer weitgehend ereignislosen ersten Halbzeit ging es folgerichtig torlos in die Pause. In die zweite Halbzeit starteten beide Mannschaften zwar etwas zielstrebiger, aber richtig gef\u00e4hrlich wurde es auf beiden Seiten weiterhin selten. Eine erste gute Chance dann nach einer Ecke f\u00fcr unsere Elf. Janis Tieck verl\u00e4ngerte den Ball und Christian Bauer verfehlte das Ziel am langen Pfosten nur knapp. Mitte der zweiten Halbzeit drohte das Spiel dann in Richtung der TuS zu kippen. Der erst kurz zuvor eingewechselte Oliver Schlick sah nach seinem zweiten Foul eine sehr harte gelb-rote Karte. Doch das Team zeigte eine sehr gute Reaktion. Nur wenig sp\u00e4ter kam Yusuf Demirci im Strafraum an den Ball und versenkte das Leder sicher zur F\u00fchrung im Netz. In der Folgezeit stand die Defensive sehr sicher und lie\u00df lange keine Chancen zu. Erst in der Nachspielzeit wurde es dann doch noch gef\u00e4hrlich, aber zun\u00e4chst konnte Gerrit Schoch im Tor gut parieren und dann zielte ein TSV-St\u00fcrmer knapp \u00fcber das Tor. Kurz danach pfiff der Schiedsrichter ab und der Derby-Sieg war unter Dach und Fach.<\/p>\n\n\n\n<p>Im n\u00e4chsten Spiel ist der FV 03 Ladenburg zu Gast auf dem 08er &nbsp;<\/p>\n","protected":false},"excerpt":{"rendered":"<p>Mit einem hart erk\u00e4mpften 1:0 (0:0) endete das Derby unserer ersten Mannschaft beim TSV Neckarau, wobei der Siegtreffer in Unterzahl erzielt wurde. Es entwickelte sich von Anfang an ein recht zerfahrenes Spiel, in dem kaum einmal Spielfluss aufkam. Nach einer weitgehend ereignislosen ersten Halbzeit ging es folgerichtig torlos in die Pause. In die zweite Halbzeit&hellip;&nbsp;<a href=\"https:\/\/mfc08.de\/?p=4063\" rel=\"bookmark\">Weiterlesen &raquo;<span class=\"screen-reader-text\">TSV Neckarau &#8211; MFC 08 Lindenhof 0:1 (0:0)<\/span><\/a><\/p>\n","protected":false},"author":5,"featured_media":4013,"comment_status":"closed","ping_status":"closed","sticky":false,"template":"","format":"standard","meta":{"neve_meta_sidebar":"","neve_meta_container":"","neve_meta_enable_content_width":"","neve_meta_content_width":0,"neve_meta_title_alignment":"","neve_meta_author_avatar":"","neve_post_elements_order":"","neve_meta_disable_header":"","neve_meta_disable_footer":"","neve_meta_disable_title":"","_themeisle_gutenberg_block_has_review":false,"footnotes":""},"categories":[3],"tags":[],"class_list":["post-4063","post","type-post","status-publish","format-standard","has-post-thumbnail","hentry","category-1-mannschaft"],"_links":{"self":[{"href":"https:\/\/mfc08.de\/index.php?rest_route=\/wp\/v2\/posts\/4063","targetHints":{"allow":["GET"]}}],"collection":[{"href":"https:\/\/mfc08.de\/index.php?rest_route=\/wp\/v2\/posts"}],"about":[{"href":"https:\/\/mfc08.de\/index.php?rest_route=\/wp\/v2\/types\/post"}],"author":[{"embeddable":true,"href":"https:\/\/mfc08.de\/index.php?rest_route=\/wp\/v2\/users\/5"}],"replies":[{"embeddable":true,"href":"https:\/\/mfc08.de\/index.php?rest_route=%2Fwp%2Fv2%2Fcomments&post=4063"}],"version-history":[{"count":1,"href":"https:\/\/mfc08.de\/index.php?rest_route=\/wp\/v2\/posts\/4063\/revisions"}],"predecessor-version":[{"id":4064,"href":"https:\/\/mfc08.de\/index.php?rest_route=\/wp\/v2\/posts\/4063\/revisions\/4064"}],"wp:featuredmedia":[{"embeddable":true,"href":"https:\/\/mfc08.de\/index.php?rest_route=\/wp\/v2\/media\/4013"}],"wp:attachment":[{"href":"https:\/\/mfc08.de\/index.php?rest_route=%2Fwp%2Fv2%2Fmedia&parent=4063"}],"wp:term":[{"taxonomy":"category","embeddable":true,"href":"https:\/\/mfc08.de\/index.php?rest_route=%2Fwp%2Fv2%2Fcategories&post=4063"},{"taxonomy":"post_tag","embeddable":true,"href":"https:\/\/mfc08.de\/index.php?rest_route=%2Fwp%2Fv2%2Ftags&post=4063"}],"curies":[{"name":"wp","href":"https:\/\/api.w.org\/{rel}","templated":true}]}}