{"id":4068,"date":"2021-10-29T10:54:02","date_gmt":"2021-10-29T10:54:02","guid":{"rendered":"https:\/\/mfc08.de\/?p=4068"},"modified":"2021-11-23T15:47:16","modified_gmt":"2021-11-23T15:47:16","slug":"dfb-mobil-zu-besuch-beim-mfc","status":"publish","type":"post","link":"https:\/\/mfc08.de\/?p=4068","title":{"rendered":"DFB Mobil zu Besuch beim MFC !"},"content":{"rendered":"\n<p>Am Freitag, dem 15.10.2021 hatten wir das DFB Mobil bei uns auf dem Gel\u00e4nde des MFC 08 Lindenhof zu Gast.<\/p>\n\n\n\n<p>Wir hatten das DFB Mobil f\u00fcr unsere E Junioren Spieler und Trainer zu uns vor Ort bestellt. Es kamen vom DFB-Verband zwei Trainer zu uns, die unseren Trainern Ideen, neue Trainingsmethoden und Feedback geben konnten.<\/p>\n\n\n\n<p>Einer der beiden Trainer vom DFB Mobil trainierte direkt mit unseren Kindern der E 2 + 3. Der zweite Mitarbeiter vom DFB Mobil erkl\u00e4rte w\u00e4hrenddessen, unseren E und F Jugend Trainern was gerade auf dem Platz passiert und welche Ziele mit den einzelnen \u00dcbungen erzielt werden soll.<\/p>\n\n\n\n<p>Unter anderem wurde auch \u00fcber die neuen Spielverordnungen und die neuen Spielformen im E- Jugend Bereich informiert. Am Ende wurden unseren Trainern die M\u00f6glichkeiten der Weiterbildungsm\u00f6glichkeiten aufgezeigt.<\/p>\n\n\n\n<p>Das Fazit vom Besuch des DFB Mobil:<\/p>\n\n\n\n<ul class=\"wp-block-list\"><li>unseren Spielern hat es wirklich Spa\u00df gemacht<\/li><li>unsere Trainer konnten einen guten Einblick erhalten, was sie schon alles gut machen und auf welche Feinheiten sie noch achten k\u00f6nnen<\/li><li>Motivation eine Trainerlizenz im Kinder- und Jugendfu\u00dfball zu beginnen<\/li><\/ul>\n","protected":false},"excerpt":{"rendered":"<p>Am Freitag, dem 15.10.2021 hatten wir das DFB Mobil bei uns auf dem Gel\u00e4nde des MFC 08 Lindenhof zu Gast. Wir hatten das DFB Mobil f\u00fcr unsere E Junioren Spieler und Trainer zu uns vor Ort bestellt. Es kamen vom DFB-Verband zwei Trainer zu uns, die unseren Trainern Ideen, neue Trainingsmethoden und Feedback geben konnten.&hellip;&nbsp;<a href=\"https:\/\/mfc08.de\/?p=4068\" rel=\"bookmark\">Weiterlesen &raquo;<span class=\"screen-reader-text\">DFB Mobil zu Besuch beim MFC !<\/span><\/a><\/p>\n","protected":false},"author":9,"featured_media":4069,"comment_status":"closed","ping_status":"closed","sticky":false,"template":"","format":"standard","meta":{"neve_meta_sidebar":"","neve_meta_container":"","neve_meta_enable_content_width":"","neve_meta_content_width":0,"neve_meta_title_alignment":"","neve_meta_author_avatar":"","neve_post_elements_order":"","neve_meta_disable_header":"","neve_meta_disable_footer":"","neve_meta_disable_title":"","_themeisle_gutenberg_block_has_review":false,"footnotes":""},"categories":[11,1],"tags":[],"class_list":["post-4068","post","type-post","status-publish","format-standard","has-post-thumbnail","hentry","category-jugend","category-uncategorized"],"_links":{"self":[{"href":"https:\/\/mfc08.de\/index.php?rest_route=\/wp\/v2\/posts\/4068","targetHints":{"allow":["GET"]}}],"collection":[{"href":"https:\/\/mfc08.de\/index.php?rest_route=\/wp\/v2\/posts"}],"about":[{"href":"https:\/\/mfc08.de\/index.php?rest_route=\/wp\/v2\/types\/post"}],"author":[{"embeddable":true,"href":"https:\/\/mfc08.de\/index.php?rest_route=\/wp\/v2\/users\/9"}],"replies":[{"embeddable":true,"href":"https:\/\/mfc08.de\/index.php?rest_route=%2Fwp%2Fv2%2Fcomments&post=4068"}],"version-history":[{"count":1,"href":"https:\/\/mfc08.de\/index.php?rest_route=\/wp\/v2\/posts\/4068\/revisions"}],"predecessor-version":[{"id":4070,"href":"https:\/\/mfc08.de\/index.php?rest_route=\/wp\/v2\/posts\/4068\/revisions\/4070"}],"wp:featuredmedia":[{"embeddable":true,"href":"https:\/\/mfc08.de\/index.php?rest_route=\/wp\/v2\/media\/4069"}],"wp:attachment":[{"href":"https:\/\/mfc08.de\/index.php?rest_route=%2Fwp%2Fv2%2Fmedia&parent=4068"}],"wp:term":[{"taxonomy":"category","embeddable":true,"href":"https:\/\/mfc08.de\/index.php?rest_route=%2Fwp%2Fv2%2Fcategories&post=4068"},{"taxonomy":"post_tag","embeddable":true,"href":"https:\/\/mfc08.de\/index.php?rest_route=%2Fwp%2Fv2%2Ftags&post=4068"}],"curies":[{"name":"wp","href":"https:\/\/api.w.org\/{rel}","templated":true}]}}