{"id":4074,"date":"2021-10-31T21:31:16","date_gmt":"2021-10-31T21:31:16","guid":{"rendered":"https:\/\/mfc08.de\/?p=4074"},"modified":"2021-11-23T15:47:16","modified_gmt":"2021-11-23T15:47:16","slug":"mfc-08-lindenhof-fv-03-ladenburg-33-22","status":"publish","type":"post","link":"https:\/\/mfc08.de\/?p=4074","title":{"rendered":"MFC 08 Lindenhof &#8211; FV 03 Ladenburg 3:3 (2:2)"},"content":{"rendered":"\n<p>In einem sehr unterhaltsamen Spiel trennte sich die erste Mannschaft 3:3 (2:2) Unentschieden vom FV 03 Ladenburg<\/p>\n\n\n\n<p>Die Mannschaft fand in der Anfangsphase \u00fcberhaupt nicht ins Spiel. Bereits beim ersten Angriff der G\u00e4ste agierte die Abwehr zu z\u00f6gerlich und nach einem Foul im Strafraum gab es Elfmeter f\u00fcr Ladenburg, den diese zur F\u00fchrung nutzten. Und auch beim n\u00e4chsten Angriff war die Defensive nicht im Bilde, so dass die G\u00e4ste auf 0:2 erh\u00f6hen konnten. Und fast w\u00e4re es sogar noch schlimmer gekommen, aber eine weitere gute Chance konnte Gerrit Schoch im Tor vereiteln. Au\u00dferdem kam in der Phase auch noch Verletzungspech dazu. Zun\u00e4chst musste Maurice K\u00fchnl mit einer Platzwunde unter dem Auge das Feld verlassen und dann musste Christian Bauer mit muskul\u00e4ren Problemen vom Platz. Doch die Mannschaft steckte diese Nackenschl\u00e4ge weg und kam so langsam immer besser in die Partie. Nach einer Flanke von Tobias Baumann konnte Felix Schreckenberger per Kopf den Anschluss erzielen. Und es kam noch besser. Nach einer kurz abgewehrten Ecke wollte Tobias Baumann den Ball \u00fcber seinen Gegner heben, dieser spielte ihn mit der Hand, und somit gab es diesmal Elfmeter auf der anderen Seite, den Ivan Vlaho sicher zum 2:2 verwandelte. Mit diesem Zwischenstand ging es auch in die Kabinen. Auch in der zweiten Halbzeit unsere Elf zun\u00e4chst mit mehr Ballbesitz. Nach etwas mehr als einer Stunde wurde Tobias Baumann im Strafraum zu Fall gebracht und erneut Ivan Vlaho verwandelte den f\u00e4lligen Elfmeter zur F\u00fchrung. Kurz danach die grosse Chance, die F\u00fchrung auszubauen. Aber zun\u00e4chst scheiterte Yusuf Demirci am stark reagierenden Ladenburger Torh\u00fcter und der Nachschuss von Marcus Joswig wurde auf der Linie gekl\u00e4rt. In der Schlussphase entwickelte sich ein offener Schlagabtausch, in dem auch die G\u00e4ste immer wieder gef\u00e4hrlich vor das Tor kamen. Nach einem weiteren klaren Foul an Yusuf Demirci h\u00e4tte es erneut Elfmeter geben m\u00fcssen, aber offensichtlich dachte sich der Schiedsrichter, dass 3 Elfmeter in einem Spiel reichen und pfiff daher diesmal nicht. Dann bot sich den G\u00e4sten die grosse Ausgleichschance, aber nach einem langen Ball k\u00f6pfte ein St\u00fcrmer freistehend am eigentlich leeren Tor vorbei. Pech dann als ein abgef\u00e4lschter Schuss von Abdolaziz Hassan nur auf dem G\u00e4stetor landete. Kurz vor Schluss erhielten die G\u00e4ste einen Freisto\u00df in aussichtsreicher Position zugesprochen und verwerteten diesen wirklich herrlich getreten zum nicht unverdienten Ausgleich. Es gab zwar noch einmal eine Chance durch Ivan Vlaho, aber erneut konnte der Ladenburger Keeper gut parieren und somit blieb es beim 3:3<\/p>\n\n\n\n<p>Bereits am Mittwoch (19.15 Uhr) steht das Nachholspiel bei einem der Top-Favoriten, der Rot-Wei\u00df Rheinau. Hier gilt es, alle Kr\u00e4fte zu mobilisieren, um den 2. Platz zu verteidigen, ehe am Sonntag beim FV Leutershausen ein weiteres Ausw\u00e4rtsspiel auf dem Programm steht &nbsp;&nbsp;&nbsp;&nbsp;&nbsp;&nbsp;&nbsp;&nbsp;&nbsp;&nbsp;&nbsp;&nbsp;&nbsp;&nbsp;&nbsp;&nbsp;&nbsp;&nbsp;&nbsp;&nbsp;&nbsp;&nbsp;<\/p>\n","protected":false},"excerpt":{"rendered":"<p>In einem sehr unterhaltsamen Spiel trennte sich die erste Mannschaft 3:3 (2:2) Unentschieden vom FV 03 Ladenburg Die Mannschaft fand in der Anfangsphase \u00fcberhaupt nicht ins Spiel. Bereits beim ersten Angriff der G\u00e4ste agierte die Abwehr zu z\u00f6gerlich und nach einem Foul im Strafraum gab es Elfmeter f\u00fcr Ladenburg, den diese zur F\u00fchrung nutzten. Und&hellip;&nbsp;<a href=\"https:\/\/mfc08.de\/?p=4074\" rel=\"bookmark\">Weiterlesen &raquo;<span class=\"screen-reader-text\">MFC 08 Lindenhof &#8211; FV 03 Ladenburg 3:3 (2:2)<\/span><\/a><\/p>\n","protected":false},"author":5,"featured_media":4013,"comment_status":"closed","ping_status":"closed","sticky":false,"template":"","format":"standard","meta":{"neve_meta_sidebar":"","neve_meta_container":"","neve_meta_enable_content_width":"","neve_meta_content_width":0,"neve_meta_title_alignment":"","neve_meta_author_avatar":"","neve_post_elements_order":"","neve_meta_disable_header":"","neve_meta_disable_footer":"","neve_meta_disable_title":"","_themeisle_gutenberg_block_has_review":false,"footnotes":""},"categories":[3],"tags":[],"class_list":["post-4074","post","type-post","status-publish","format-standard","has-post-thumbnail","hentry","category-1-mannschaft"],"_links":{"self":[{"href":"https:\/\/mfc08.de\/index.php?rest_route=\/wp\/v2\/posts\/4074","targetHints":{"allow":["GET"]}}],"collection":[{"href":"https:\/\/mfc08.de\/index.php?rest_route=\/wp\/v2\/posts"}],"about":[{"href":"https:\/\/mfc08.de\/index.php?rest_route=\/wp\/v2\/types\/post"}],"author":[{"embeddable":true,"href":"https:\/\/mfc08.de\/index.php?rest_route=\/wp\/v2\/users\/5"}],"replies":[{"embeddable":true,"href":"https:\/\/mfc08.de\/index.php?rest_route=%2Fwp%2Fv2%2Fcomments&post=4074"}],"version-history":[{"count":1,"href":"https:\/\/mfc08.de\/index.php?rest_route=\/wp\/v2\/posts\/4074\/revisions"}],"predecessor-version":[{"id":4075,"href":"https:\/\/mfc08.de\/index.php?rest_route=\/wp\/v2\/posts\/4074\/revisions\/4075"}],"wp:featuredmedia":[{"embeddable":true,"href":"https:\/\/mfc08.de\/index.php?rest_route=\/wp\/v2\/media\/4013"}],"wp:attachment":[{"href":"https:\/\/mfc08.de\/index.php?rest_route=%2Fwp%2Fv2%2Fmedia&parent=4074"}],"wp:term":[{"taxonomy":"category","embeddable":true,"href":"https:\/\/mfc08.de\/index.php?rest_route=%2Fwp%2Fv2%2Fcategories&post=4074"},{"taxonomy":"post_tag","embeddable":true,"href":"https:\/\/mfc08.de\/index.php?rest_route=%2Fwp%2Fv2%2Ftags&post=4074"}],"curies":[{"name":"wp","href":"https:\/\/api.w.org\/{rel}","templated":true}]}}