{"id":4083,"date":"2021-11-07T19:44:37","date_gmt":"2021-11-07T19:44:37","guid":{"rendered":"https:\/\/mfc08.de\/?p=4083"},"modified":"2021-11-23T15:47:16","modified_gmt":"2021-11-23T15:47:16","slug":"fv-leutershausen-mfc-08-lindenhof-13-10","status":"publish","type":"post","link":"https:\/\/mfc08.de\/?p=4083","title":{"rendered":"FV Leutershausen &#8211; MFC 08 Lindenhof 1:3 (1:0)"},"content":{"rendered":"\n<p>Dank einer deutlichen Leistungssteigerung in der zweiten Halbzeit kam die erste Mannschaft zu einem letztlich verdienten 3:1 (0:1) Sieg beim FV Leutershausen.<\/p>\n\n\n\n<p>Auf dem riesengro\u00dfen, mittlerweile ungewohnten Naturrasen tat sich unsere Elf zun\u00e4chst schwer ins Spiel zu finden. Die Gastgeber hatten in der Anfangshase ein deutliches \u00dcbergewicht, ohne sich aber die ganz gro\u00dfen Chancen zu erspielen. Erst gegen Mitte der ersten Halbzeit fand man besser ins Spiel. Erstmals gef\u00e4hrlich wurde es bei einem Freisto\u00df von Felix Schreckenberger, den der Torwart aber gut parierte und kurz danach brachte Ivan Vlaho den Ball nach einem langen Pass nur zu leicht und zentral auf das Tor, so dass der Keeper kein Problem hatte. In der Schlussphase der ersten Halbzeit waren dann die Gastgeber wieder am Dr\u00fccker. Zun\u00e4chst konnte Mathias Pfitzner nach einer un\u00fcbersichtlichen Situation im Strafraum noch auf der Linie kl\u00e4ren. In der Nachspielzeit der ersten Halbzeit war es dann aber so weit. Eine Hereingabe von au\u00dfen konnte Marcel Jehle im Tor noch abwehren, aber im R\u00fcckraum kam ein Leutershausener an den Ball und verwandelte diesen zur F\u00fchrung. Mit Beginn der zweiten Halbzeit zeigte sich unser Team aber deutlich aktiver. Nach einem feinen Pass von Marco Lintz scheiterte Felix Schreckenberger zun\u00e4chst am stark reagierenden Torwart, der Abpraller kam zu Daniel Launay, der erneut Felix Schreckenberger bediente, und diesmal traf er ins lange Eck zum Ausgleich. Und unsere Elf blieb in dieser Phase weiterhin dominant, Nach einer Ecke von Yusuf Demirci kam Felix Schreckenberger an der Strafraumgrenze an den Ball und traf zur F\u00fchrung. Und es sollte noch besser kommen. Nach einem langen Absto\u00df konnte Yusuf Demirci den Ball behaupten, am Strafraum legte er quer zu Ivan Vlaho, der mit einem strammen Schuss auf 3:1 erh\u00f6hte. Kurz danach h\u00e4tte es noch einmal knapp werden k\u00f6nnen, aber Marcel Jehle konnte einen Schuss aus kurzer Distanz an die Latte lenken. Danach stand die Defensive sicher, lie\u00df nichts mehr anbrennen und somit blieb es bis zum Ende bei dem auf Grund der zweiten Halbzeit verdienten Sieg<\/p>\n\n\n\n<p>Im 3. Ausw\u00e4rtsspiel in Folge tritt die Elf n\u00e4chste Woche beim FV 08 Hockenheim an &nbsp;<\/p>\n","protected":false},"excerpt":{"rendered":"<p>Dank einer deutlichen Leistungssteigerung in der zweiten Halbzeit kam die erste Mannschaft zu einem letztlich verdienten 3:1 (0:1) Sieg beim FV Leutershausen. Auf dem riesengro\u00dfen, mittlerweile ungewohnten Naturrasen tat sich unsere Elf zun\u00e4chst schwer ins Spiel zu finden. Die Gastgeber hatten in der Anfangshase ein deutliches \u00dcbergewicht, ohne sich aber die ganz gro\u00dfen Chancen zu&hellip;&nbsp;<a href=\"https:\/\/mfc08.de\/?p=4083\" rel=\"bookmark\">Weiterlesen &raquo;<span class=\"screen-reader-text\">FV Leutershausen &#8211; MFC 08 Lindenhof 1:3 (1:0)<\/span><\/a><\/p>\n","protected":false},"author":5,"featured_media":4013,"comment_status":"closed","ping_status":"closed","sticky":false,"template":"","format":"standard","meta":{"neve_meta_sidebar":"","neve_meta_container":"","neve_meta_enable_content_width":"","neve_meta_content_width":0,"neve_meta_title_alignment":"","neve_meta_author_avatar":"","neve_post_elements_order":"","neve_meta_disable_header":"","neve_meta_disable_footer":"","neve_meta_disable_title":"","_themeisle_gutenberg_block_has_review":false,"footnotes":""},"categories":[3],"tags":[],"class_list":["post-4083","post","type-post","status-publish","format-standard","has-post-thumbnail","hentry","category-1-mannschaft"],"_links":{"self":[{"href":"https:\/\/mfc08.de\/index.php?rest_route=\/wp\/v2\/posts\/4083","targetHints":{"allow":["GET"]}}],"collection":[{"href":"https:\/\/mfc08.de\/index.php?rest_route=\/wp\/v2\/posts"}],"about":[{"href":"https:\/\/mfc08.de\/index.php?rest_route=\/wp\/v2\/types\/post"}],"author":[{"embeddable":true,"href":"https:\/\/mfc08.de\/index.php?rest_route=\/wp\/v2\/users\/5"}],"replies":[{"embeddable":true,"href":"https:\/\/mfc08.de\/index.php?rest_route=%2Fwp%2Fv2%2Fcomments&post=4083"}],"version-history":[{"count":1,"href":"https:\/\/mfc08.de\/index.php?rest_route=\/wp\/v2\/posts\/4083\/revisions"}],"predecessor-version":[{"id":4084,"href":"https:\/\/mfc08.de\/index.php?rest_route=\/wp\/v2\/posts\/4083\/revisions\/4084"}],"wp:featuredmedia":[{"embeddable":true,"href":"https:\/\/mfc08.de\/index.php?rest_route=\/wp\/v2\/media\/4013"}],"wp:attachment":[{"href":"https:\/\/mfc08.de\/index.php?rest_route=%2Fwp%2Fv2%2Fmedia&parent=4083"}],"wp:term":[{"taxonomy":"category","embeddable":true,"href":"https:\/\/mfc08.de\/index.php?rest_route=%2Fwp%2Fv2%2Fcategories&post=4083"},{"taxonomy":"post_tag","embeddable":true,"href":"https:\/\/mfc08.de\/index.php?rest_route=%2Fwp%2Fv2%2Ftags&post=4083"}],"curies":[{"name":"wp","href":"https:\/\/api.w.org\/{rel}","templated":true}]}}