{"id":4089,"date":"2021-11-14T20:38:54","date_gmt":"2021-11-14T20:38:54","guid":{"rendered":"https:\/\/mfc08.de\/?p=4089"},"modified":"2021-11-23T15:47:16","modified_gmt":"2021-11-23T15:47:16","slug":"fv-08-hockenheim-mfc-08-lindenhof-11-11","status":"publish","type":"post","link":"https:\/\/mfc08.de\/?p=4089","title":{"rendered":"FV 08 Hockenheim &#8211; MFC 08 Lindenhof 1:1 (1:1)"},"content":{"rendered":"\n<p>In einem kampfbetonten Spiel trennte sich die erste Mannschaft vom FV 08 Hockenheim 1:1 (1:1) Unentschieden<\/p>\n\n\n\n<p>Auf dem tiefen \u201aRasenplatz\u2018, der ein technisch sauberer Passspiel eigentlich nicht zulie\u00df, entwickelte sich von Anfang an eine sehr kampfbetontes Spiel, in dem sich beide Mannschaften weitgehend im Mittelfeld neutralisierten. Mit der ersten wirklich gef\u00e4hrlichen Aktion gelang unserem Team die F\u00fchrung. Nach einem Freisto\u00df aus der eigenen H\u00e4lfte von Michele Cottitto lief Yusuf Demrici alleine auf den Hockenheimer Torwart zu und vollendete sicher zum 1:0. In der Folgezeit kontrollierte das Team die Partie, tat sich aber in der Offensive schwer, echte Chancen zu erspielen. Erstmals gef\u00e4hrlich f\u00fcr das eigene Tor wurde es bei einem Freisto\u00df aus dem Halbfeld, den eine Hockenheimer an die Latte k\u00f6pfte. Die Gastgeber kamen aber in dieser Phase immer besser ins Spiel und nach einem Ballverlust im Spielaufbau, schalteten sie schnell um, ein Angreifer drang von halbrechts in den Strafraum ein und traf zum Ausgleich ins Tor. Mit diesem Resultat ging es auch in die Kabinen. Den Gastgebern hatte dieser Ausgleich sichtbar Selbstvertrauen gegeben, sie kamen jetzt deutlich druckvoller in die Partie, zeigten sich zweikampfstark und schafften es somit immer wieder den Spielaufbau der 08er zu st\u00f6ren. Bei einigen gef\u00e4hrlichen Situationen fehlte etwas die letzte Genauigkeit, sonst h\u00e4tte man in dieser Phase durchaus in R\u00fcckstand geraten k\u00f6nnen. Bei der gr\u00f6\u00dften Chance setzte ein Hockenheimer St\u00fcrmer den Ball nach einem Querpass v\u00f6llig freistehend \u00fcber das Tor. Erst in der Schlussphase kam auch unser Team noch zweimal gef\u00e4hrlich vor das Hockenheimer Tor. Zun\u00e4chst konnte ein Hockenheimer Abwehrspieler nach einem Querpass von Yusuf Demiri gerade noch vor Tobias Baumann kl\u00e4ren, und kurz danach konnte der Hockenheimer Torwart stark gegen den frei vor ihm auftauchenden Yusuf Demirci kl\u00e4ren. Aber auch die Gastgeber suchten bis zum Schluss den Weg nach vorne. So musste in der Nachspielzeit noch einmal eine Serie von 3 Eckb\u00e4llen \u00fcberstanden werden, aber es blieb bis zum Abpfiff des souver\u00e4n leitenden Schiedsrichters beim 1:1 Unentschieden <\/p>\n\n\n\n<p>Durch dieses Remis ist die Mannschaft auf den 3. Platz hinter dem punktgleichen Rot-Wei\u00df Rheinau zur\u00fcck gefallen und trifft jetzt in der n\u00e4chsten Partie auf Germania Friedrichsfeld \u00a0\u00a0\u00a0\u00a0<br><\/p>\n","protected":false},"excerpt":{"rendered":"<p>In einem kampfbetonten Spiel trennte sich die erste Mannschaft vom FV 08 Hockenheim 1:1 (1:1) Unentschieden Auf dem tiefen \u201aRasenplatz\u2018, der ein technisch sauberer Passspiel eigentlich nicht zulie\u00df, entwickelte sich von Anfang an eine sehr kampfbetontes Spiel, in dem sich beide Mannschaften weitgehend im Mittelfeld neutralisierten. Mit der ersten wirklich gef\u00e4hrlichen Aktion gelang unserem Team&hellip;&nbsp;<a href=\"https:\/\/mfc08.de\/?p=4089\" rel=\"bookmark\">Weiterlesen &raquo;<span class=\"screen-reader-text\">FV 08 Hockenheim &#8211; MFC 08 Lindenhof 1:1 (1:1)<\/span><\/a><\/p>\n","protected":false},"author":5,"featured_media":4013,"comment_status":"closed","ping_status":"closed","sticky":false,"template":"","format":"standard","meta":{"neve_meta_sidebar":"","neve_meta_container":"","neve_meta_enable_content_width":"","neve_meta_content_width":0,"neve_meta_title_alignment":"","neve_meta_author_avatar":"","neve_post_elements_order":"","neve_meta_disable_header":"","neve_meta_disable_footer":"","neve_meta_disable_title":"","_themeisle_gutenberg_block_has_review":false,"footnotes":""},"categories":[3],"tags":[],"class_list":["post-4089","post","type-post","status-publish","format-standard","has-post-thumbnail","hentry","category-1-mannschaft"],"_links":{"self":[{"href":"https:\/\/mfc08.de\/index.php?rest_route=\/wp\/v2\/posts\/4089","targetHints":{"allow":["GET"]}}],"collection":[{"href":"https:\/\/mfc08.de\/index.php?rest_route=\/wp\/v2\/posts"}],"about":[{"href":"https:\/\/mfc08.de\/index.php?rest_route=\/wp\/v2\/types\/post"}],"author":[{"embeddable":true,"href":"https:\/\/mfc08.de\/index.php?rest_route=\/wp\/v2\/users\/5"}],"replies":[{"embeddable":true,"href":"https:\/\/mfc08.de\/index.php?rest_route=%2Fwp%2Fv2%2Fcomments&post=4089"}],"version-history":[{"count":1,"href":"https:\/\/mfc08.de\/index.php?rest_route=\/wp\/v2\/posts\/4089\/revisions"}],"predecessor-version":[{"id":4090,"href":"https:\/\/mfc08.de\/index.php?rest_route=\/wp\/v2\/posts\/4089\/revisions\/4090"}],"wp:featuredmedia":[{"embeddable":true,"href":"https:\/\/mfc08.de\/index.php?rest_route=\/wp\/v2\/media\/4013"}],"wp:attachment":[{"href":"https:\/\/mfc08.de\/index.php?rest_route=%2Fwp%2Fv2%2Fmedia&parent=4089"}],"wp:term":[{"taxonomy":"category","embeddable":true,"href":"https:\/\/mfc08.de\/index.php?rest_route=%2Fwp%2Fv2%2Fcategories&post=4089"},{"taxonomy":"post_tag","embeddable":true,"href":"https:\/\/mfc08.de\/index.php?rest_route=%2Fwp%2Fv2%2Ftags&post=4089"}],"curies":[{"name":"wp","href":"https:\/\/api.w.org\/{rel}","templated":true}]}}