{"id":4139,"date":"2021-11-19T21:30:09","date_gmt":"2021-11-19T21:30:09","guid":{"rendered":"https:\/\/mfc08.de\/?p=4139"},"modified":"2021-11-23T15:47:16","modified_gmt":"2021-11-23T15:47:16","slug":"absage-weihnachtsfeier","status":"publish","type":"post","link":"https:\/\/mfc08.de\/?p=4139","title":{"rendered":"Absage Weihnachtsfeier"},"content":{"rendered":"\n<p>Liebe 08er,<\/p>\n\n\n\n<p>wir alle waren zuversichtlich, dass sich unser Vereinsleben wieder weitestgehend normalisieren w\u00fcrde.<\/p>\n\n\n\n<p>Allen Hoffnungen zum Trotz schauen wir aber nun auf eine Advents- und Weihnachtszeit, die anders sein wird als wir es uns erhofft hatten. <\/p>\n\n\n\n<p>Dazu geh\u00f6rt leider auch, dass wir unsere diesj\u00e4hrige Weihnachtsfeier schweren Herzens erneut absagen m\u00fcssen. <\/p>\n\n\n\n<p>Schon die jetzigen Einschr\u00e4nkungen lassen eine Feier in der gewohnten Form nicht zu. Da wir dar\u00fcber hinaus von einer weiteren Versch\u00e4rfung der Ma\u00dfnahmen im Laufe des Dezember ausgehen, kann auch keine vern\u00fcnftige Planung erfolgen.<\/p>\n\n\n\n<p>Sobald es die Situation zul\u00e4sst werden wir eine Vereinsfeier organisieren, an der alle Vereinsmitglieder frei von jeglichen Zw\u00e4ngen und Auflagen teilnehmen und gemeinsam Spa\u00df haben k\u00f6nnen.<\/p>\n","protected":false},"excerpt":{"rendered":"<p>Liebe 08er, wir alle waren zuversichtlich, dass sich unser Vereinsleben wieder weitestgehend normalisieren w\u00fcrde. Allen Hoffnungen zum Trotz schauen wir aber nun auf eine Advents- und Weihnachtszeit, die anders sein wird als wir es uns erhofft hatten. Dazu geh\u00f6rt leider auch, dass wir unsere diesj\u00e4hrige Weihnachtsfeier schweren Herzens erneut absagen m\u00fcssen. Schon die jetzigen Einschr\u00e4nkungen&hellip;&nbsp;<a href=\"https:\/\/mfc08.de\/?p=4139\" rel=\"bookmark\">Weiterlesen &raquo;<span class=\"screen-reader-text\">Absage Weihnachtsfeier<\/span><\/a><\/p>\n","protected":false},"author":2,"featured_media":4143,"comment_status":"closed","ping_status":"closed","sticky":false,"template":"","format":"standard","meta":{"neve_meta_sidebar":"","neve_meta_container":"","neve_meta_enable_content_width":"","neve_meta_content_width":0,"neve_meta_title_alignment":"","neve_meta_author_avatar":"","neve_post_elements_order":"","neve_meta_disable_header":"","neve_meta_disable_footer":"","neve_meta_disable_title":"","_themeisle_gutenberg_block_has_review":false,"footnotes":""},"categories":[1],"tags":[],"class_list":["post-4139","post","type-post","status-publish","format-standard","has-post-thumbnail","hentry","category-uncategorized"],"_links":{"self":[{"href":"https:\/\/mfc08.de\/index.php?rest_route=\/wp\/v2\/posts\/4139","targetHints":{"allow":["GET"]}}],"collection":[{"href":"https:\/\/mfc08.de\/index.php?rest_route=\/wp\/v2\/posts"}],"about":[{"href":"https:\/\/mfc08.de\/index.php?rest_route=\/wp\/v2\/types\/post"}],"author":[{"embeddable":true,"href":"https:\/\/mfc08.de\/index.php?rest_route=\/wp\/v2\/users\/2"}],"replies":[{"embeddable":true,"href":"https:\/\/mfc08.de\/index.php?rest_route=%2Fwp%2Fv2%2Fcomments&post=4139"}],"version-history":[{"count":4,"href":"https:\/\/mfc08.de\/index.php?rest_route=\/wp\/v2\/posts\/4139\/revisions"}],"predecessor-version":[{"id":4146,"href":"https:\/\/mfc08.de\/index.php?rest_route=\/wp\/v2\/posts\/4139\/revisions\/4146"}],"wp:featuredmedia":[{"embeddable":true,"href":"https:\/\/mfc08.de\/index.php?rest_route=\/wp\/v2\/media\/4143"}],"wp:attachment":[{"href":"https:\/\/mfc08.de\/index.php?rest_route=%2Fwp%2Fv2%2Fmedia&parent=4139"}],"wp:term":[{"taxonomy":"category","embeddable":true,"href":"https:\/\/mfc08.de\/index.php?rest_route=%2Fwp%2Fv2%2Fcategories&post=4139"},{"taxonomy":"post_tag","embeddable":true,"href":"https:\/\/mfc08.de\/index.php?rest_route=%2Fwp%2Fv2%2Ftags&post=4139"}],"curies":[{"name":"wp","href":"https:\/\/api.w.org\/{rel}","templated":true}]}}