{"id":4148,"date":"2021-11-21T21:07:16","date_gmt":"2021-11-21T21:07:16","guid":{"rendered":"https:\/\/mfc08.de\/?p=4148"},"modified":"2021-11-23T15:47:16","modified_gmt":"2021-11-23T15:47:16","slug":"mfc-08-lindenhof-2-asv-feudenheim-3-50-10","status":"publish","type":"post","link":"https:\/\/mfc08.de\/?p=4148","title":{"rendered":"MFC 08 Lindenhof 2 &#8211; ASV Feudenheim 3 5:0 (1:0)"},"content":{"rendered":"\n<p>Zu einem klaren 5:0 (1:0) Sieg kam die zweite Mannschaft gegen den ASV Feudenheim 3<\/p>\n\n\n\n<p>Trotz des letztendlich klaren Sieges tat sich die Mannschaft lange Zeit schwer. Alexander Ruhland traf fr\u00fch zum 1:0 und mit dieser knappen F\u00fchrung ging es auch in die Pause. Nach dem Wechsel erh\u00f6hte zun\u00e4chst Pino di Nato auf 2:0 und Michel B\u00f6ing sorgte mit dem 3:0 f\u00fcr die Vorentscheidung. In der Schlussphase erh\u00f6hten Mert Kaygisiz und erneut Pini di Nato noch zum Endstand von 5:0.<\/p>\n\n\n\n<p>Am n\u00e4chsten Sonntag, 11.30 Uhr, tritt die Mannschaft als Tabellenzweiter zum absoluten Spitzenspiel beim souver\u00e4nen Tabellenf\u00fchrer VfL Kurpfalz Neckarau 2 an, der bislang alle Spiele gewonnen hat<\/p>\n","protected":false},"excerpt":{"rendered":"<p>Zu einem klaren 5:0 (1:0) Sieg kam die zweite Mannschaft gegen den ASV Feudenheim 3 Trotz des letztendlich klaren Sieges tat sich die Mannschaft lange Zeit schwer. Alexander Ruhland traf fr\u00fch zum 1:0 und mit dieser knappen F\u00fchrung ging es auch in die Pause. Nach dem Wechsel erh\u00f6hte zun\u00e4chst Pino di Nato auf 2:0 und&hellip;&nbsp;<a href=\"https:\/\/mfc08.de\/?p=4148\" rel=\"bookmark\">Weiterlesen &raquo;<span class=\"screen-reader-text\">MFC 08 Lindenhof 2 &#8211; ASV Feudenheim 3 5:0 (1:0)<\/span><\/a><\/p>\n","protected":false},"author":5,"featured_media":1578,"comment_status":"closed","ping_status":"closed","sticky":false,"template":"","format":"standard","meta":{"neve_meta_sidebar":"","neve_meta_container":"","neve_meta_enable_content_width":"","neve_meta_content_width":0,"neve_meta_title_alignment":"","neve_meta_author_avatar":"","neve_post_elements_order":"","neve_meta_disable_header":"","neve_meta_disable_footer":"","neve_meta_disable_title":"","_themeisle_gutenberg_block_has_review":false,"footnotes":""},"categories":[5],"tags":[],"class_list":["post-4148","post","type-post","status-publish","format-standard","has-post-thumbnail","hentry","category-2-mannschaft"],"_links":{"self":[{"href":"https:\/\/mfc08.de\/index.php?rest_route=\/wp\/v2\/posts\/4148","targetHints":{"allow":["GET"]}}],"collection":[{"href":"https:\/\/mfc08.de\/index.php?rest_route=\/wp\/v2\/posts"}],"about":[{"href":"https:\/\/mfc08.de\/index.php?rest_route=\/wp\/v2\/types\/post"}],"author":[{"embeddable":true,"href":"https:\/\/mfc08.de\/index.php?rest_route=\/wp\/v2\/users\/5"}],"replies":[{"embeddable":true,"href":"https:\/\/mfc08.de\/index.php?rest_route=%2Fwp%2Fv2%2Fcomments&post=4148"}],"version-history":[{"count":1,"href":"https:\/\/mfc08.de\/index.php?rest_route=\/wp\/v2\/posts\/4148\/revisions"}],"predecessor-version":[{"id":4149,"href":"https:\/\/mfc08.de\/index.php?rest_route=\/wp\/v2\/posts\/4148\/revisions\/4149"}],"wp:featuredmedia":[{"embeddable":true,"href":"https:\/\/mfc08.de\/index.php?rest_route=\/wp\/v2\/media\/1578"}],"wp:attachment":[{"href":"https:\/\/mfc08.de\/index.php?rest_route=%2Fwp%2Fv2%2Fmedia&parent=4148"}],"wp:term":[{"taxonomy":"category","embeddable":true,"href":"https:\/\/mfc08.de\/index.php?rest_route=%2Fwp%2Fv2%2Fcategories&post=4148"},{"taxonomy":"post_tag","embeddable":true,"href":"https:\/\/mfc08.de\/index.php?rest_route=%2Fwp%2Fv2%2Ftags&post=4148"}],"curies":[{"name":"wp","href":"https:\/\/api.w.org\/{rel}","templated":true}]}}