{"id":4199,"date":"2021-11-28T19:48:11","date_gmt":"2021-11-28T19:48:11","guid":{"rendered":"https:\/\/mfc08.de\/?p=4199"},"modified":"2021-11-28T19:48:13","modified_gmt":"2021-11-28T19:48:13","slug":"vfl-kurpfalz-neckarau-2-mfc-08-lindenhof-2-60-20","status":"publish","type":"post","link":"https:\/\/mfc08.de\/?p=4199","title":{"rendered":"VfL Kurpfalz Neckarau 2 &#8211; MFC 08 Lindenhof 2 6:0 (2:0)"},"content":{"rendered":"\n<p><\/p>\n\n\n\n<p>Wie zu bef\u00fcrchten gab es f\u00fcr die zweite Mannschaft bei der 0:6 (0:2) Niederlage beim verlustpunktfreien Tabellenf\u00fchrer VfL Kurpfalz Neckarau 2 nichts zu holen<\/p>\n\n\n\n<p>Die spielstarken Gastgeber erspielten sich von Anfang an ein \u00dcbergewicht und kamen auch immer wieder zu gef\u00e4hrlichen Aktionen. Unsere Elf hielt zun\u00e4chst gut dagegen, konnte aber einige Konterans\u00e4tze nicht zwingend zu Ende zu spielen. Den Gastgebern gelang Mitte der ersten Halbzeit dann doch die verdiente F\u00fchrung und auch danach blieben sie spielbestimmend,, Aber es gab auch zweit strittige Szenen im VfL-Strafraum, bei denen ein Pfiff durchaus m\u00f6glich gewesen w\u00e4re. Nach einem Freisto\u00df erh\u00f6hte der Spitzenreiter aber auf 2:0 und ging mit dieser verdienten F\u00fchrung auch in die Pause. In der zweiten Halbzeit kontrollierte der VfL die Partei souver\u00e4n, lie\u00df aber lange Zeit auch die letzte Zielstrebigkeit vermissen. Mit zunehmender Spieldauer mehrten sich die Fehlp\u00e4sse im Spiel unsere Zweiten, hier machte sich dann auch negativ bemerkbar, dass schon kurz nach der Pause das Auswechselkontigent verletzungsbedingt ausgesch\u00f6pft war. Mit zwei unn\u00f6tigen Ballverlusten kurz vor dem eigenen Strafraum lud man die G\u00e4ste f\u00f6rmlich zu den Treffern zum 3:0 und 4:0 ein. In der Schlussphase gelang es dem VfL dann immer wieder in die gef\u00e4hrliche Zone vorzudringen und so konnten sie auch noch auf 6:0 erh\u00f6hen.<\/p>\n\n\n\n<p>Die zweite Mannschaft beschlie\u00dft die Vorrunde somit auf dem 3. Tabellenplatz, mit zwei Punkten R\u00fcckstand auf den VfL Hockenheim, der momentan auf dem Relegationsplatz 2 liegt. Das erste R\u00fcckrundenspiel findet am n\u00e4chsten Sonntag (bereits um 9 Uhr morgens) beim FV Br\u00fchl 3 statt<\/p>\n","protected":false},"excerpt":{"rendered":"<p>Wie zu bef\u00fcrchten gab es f\u00fcr die zweite Mannschaft bei der 0:6 (0:2) Niederlage beim verlustpunktfreien Tabellenf\u00fchrer VfL Kurpfalz Neckarau 2 nichts zu holen Die spielstarken Gastgeber erspielten sich von Anfang an ein \u00dcbergewicht und kamen auch immer wieder zu gef\u00e4hrlichen Aktionen. Unsere Elf hielt zun\u00e4chst gut dagegen, konnte aber einige Konterans\u00e4tze nicht zwingend zu&hellip;&nbsp;<a href=\"https:\/\/mfc08.de\/?p=4199\" rel=\"bookmark\">Weiterlesen &raquo;<span class=\"screen-reader-text\">VfL Kurpfalz Neckarau 2 &#8211; MFC 08 Lindenhof 2 6:0 (2:0)<\/span><\/a><\/p>\n","protected":false},"author":5,"featured_media":1475,"comment_status":"closed","ping_status":"closed","sticky":false,"template":"","format":"standard","meta":{"neve_meta_sidebar":"","neve_meta_container":"","neve_meta_enable_content_width":"","neve_meta_content_width":0,"neve_meta_title_alignment":"","neve_meta_author_avatar":"","neve_post_elements_order":"","neve_meta_disable_header":"","neve_meta_disable_footer":"","neve_meta_disable_title":"","_themeisle_gutenberg_block_has_review":false,"footnotes":""},"categories":[5],"tags":[],"class_list":["post-4199","post","type-post","status-publish","format-standard","has-post-thumbnail","hentry","category-2-mannschaft"],"_links":{"self":[{"href":"https:\/\/mfc08.de\/index.php?rest_route=\/wp\/v2\/posts\/4199","targetHints":{"allow":["GET"]}}],"collection":[{"href":"https:\/\/mfc08.de\/index.php?rest_route=\/wp\/v2\/posts"}],"about":[{"href":"https:\/\/mfc08.de\/index.php?rest_route=\/wp\/v2\/types\/post"}],"author":[{"embeddable":true,"href":"https:\/\/mfc08.de\/index.php?rest_route=\/wp\/v2\/users\/5"}],"replies":[{"embeddable":true,"href":"https:\/\/mfc08.de\/index.php?rest_route=%2Fwp%2Fv2%2Fcomments&post=4199"}],"version-history":[{"count":1,"href":"https:\/\/mfc08.de\/index.php?rest_route=\/wp\/v2\/posts\/4199\/revisions"}],"predecessor-version":[{"id":4200,"href":"https:\/\/mfc08.de\/index.php?rest_route=\/wp\/v2\/posts\/4199\/revisions\/4200"}],"wp:featuredmedia":[{"embeddable":true,"href":"https:\/\/mfc08.de\/index.php?rest_route=\/wp\/v2\/media\/1475"}],"wp:attachment":[{"href":"https:\/\/mfc08.de\/index.php?rest_route=%2Fwp%2Fv2%2Fmedia&parent=4199"}],"wp:term":[{"taxonomy":"category","embeddable":true,"href":"https:\/\/mfc08.de\/index.php?rest_route=%2Fwp%2Fv2%2Fcategories&post=4199"},{"taxonomy":"post_tag","embeddable":true,"href":"https:\/\/mfc08.de\/index.php?rest_route=%2Fwp%2Fv2%2Ftags&post=4199"}],"curies":[{"name":"wp","href":"https:\/\/api.w.org\/{rel}","templated":true}]}}