{"id":4201,"date":"2021-11-28T19:52:19","date_gmt":"2021-11-28T19:52:19","guid":{"rendered":"https:\/\/mfc08.de\/?p=4201"},"modified":"2021-11-28T19:52:21","modified_gmt":"2021-11-28T19:52:21","slug":"vfb-gartenstadt-mfc-08-lindenhof-40-20","status":"publish","type":"post","link":"https:\/\/mfc08.de\/?p=4201","title":{"rendered":"VfB Gartenstadt &#8211; MFC 08 Lindenhof 4:0 (2:0)"},"content":{"rendered":"\n<p>Einen absolut gebrauchten Tag erwischte die erste Mannschaft und musste nach 14 ungeschlagenen Spielen bei einem sehr starken VfB Gartenstadt mit 0:4 (0:1) wieder eine Niederlage hinnehmen<\/p>\n\n\n\n<p>In der Anfangsphase konnte man das Spiel noch ausgeglichen gestalten, doch mit zunehmender Spieldauer \u00fcbernahmen die Gastgeber immer mehr das Kommando und kamen immer wieder zu gef\u00e4hrlichen Situationen. So musste Gerrit Schoch im Tor zweimal gut kl\u00e4ren und bei einigen weiteren gef\u00e4hrlichen Situationen verfehlte Gartenst\u00e4dter St\u00fcrmer das Tor knapp. Auf der anderen Seite hatte Tobias Baumann bei einem Konter die Chance zur F\u00fchrung scheiterte aber am Gartenst\u00e4dter Torwart- Nach einer halben Stunde dann die verdiente F\u00fchrung der Gastgeber. Wieder einmal konnte sich ein St\u00fcrmer auf au\u00dfen durchsetzen, legte den Ball quer und der folgende Schuss wurde noch ungl\u00fccklich zum 1:0 abgef\u00e4lscht. Auch danach blieb Gartenstadt druckvoller, aber dennoch bot sich Yusuf Demirci die Chance zum Ausgleich, aber auch er scheiterte am stark reagierenden Torwart. Somit blieb es bis zur Pause bei diesem Spielstand. Auch in der zweiten Halbzeit \u00e4nderte sich nichts am Spielverlauf. Bei einer ersten Chance trafen die Gastgeber noch nur die Latte, aber im Anschluss an einen zun\u00e4chst abgewehrten Eckball erh\u00f6hte Gartenstadt aus 2:0. In der Folgezeit kontrollierten die Gastgeber, die immer einen Tick schneller und zweikampfst\u00e4rker waren, das Spiel weiterhin und sp\u00e4testens mit dem 3:0 eine Viertelstunde vor Ende war das Spiel entschieden. Unsere Elf war zwar bis zum Ende bem\u00fcht sich gegen die Niederlage zu wehren, aber gegen die souver\u00e4ne Defensive konnte man keine echte Torgefahr mehr entwickeln. Stattdessen blieb Gartenstadt immer wieder gef\u00e4hrlich und erh\u00f6hte in der Nachspielzeit sogar noch auf 4:0 &nbsp;&nbsp;&nbsp;&nbsp;&nbsp;&nbsp;&nbsp;&nbsp;&nbsp;<\/p>\n\n\n\n<p>Durch diese Niederlage fiel die Mannschaft zum Abschluss der Vorrunde auf den 4. Tabellenplatz zur\u00fcck. N\u00e4chste Woche steht das erste R\u00fcckrundenspiel beim VfR Mannheim 2 auf dem Programm &nbsp;&nbsp;&nbsp;&nbsp;&nbsp;&nbsp;&nbsp;&nbsp;&nbsp;&nbsp;&nbsp;&nbsp;<\/p>\n","protected":false},"excerpt":{"rendered":"<p>Einen absolut gebrauchten Tag erwischte die erste Mannschaft und musste nach 14 ungeschlagenen Spielen bei einem sehr starken VfB Gartenstadt mit 0:4 (0:1) wieder eine Niederlage hinnehmen In der Anfangsphase konnte man das Spiel noch ausgeglichen gestalten, doch mit zunehmender Spieldauer \u00fcbernahmen die Gastgeber immer mehr das Kommando und kamen immer wieder zu gef\u00e4hrlichen Situationen.&hellip;&nbsp;<a href=\"https:\/\/mfc08.de\/?p=4201\" rel=\"bookmark\">Weiterlesen &raquo;<span class=\"screen-reader-text\">VfB Gartenstadt &#8211; MFC 08 Lindenhof 4:0 (2:0)<\/span><\/a><\/p>\n","protected":false},"author":5,"featured_media":4013,"comment_status":"closed","ping_status":"closed","sticky":false,"template":"","format":"standard","meta":{"neve_meta_sidebar":"","neve_meta_container":"","neve_meta_enable_content_width":"","neve_meta_content_width":0,"neve_meta_title_alignment":"","neve_meta_author_avatar":"","neve_post_elements_order":"","neve_meta_disable_header":"","neve_meta_disable_footer":"","neve_meta_disable_title":"","_themeisle_gutenberg_block_has_review":false,"footnotes":""},"categories":[3],"tags":[],"class_list":["post-4201","post","type-post","status-publish","format-standard","has-post-thumbnail","hentry","category-1-mannschaft"],"_links":{"self":[{"href":"https:\/\/mfc08.de\/index.php?rest_route=\/wp\/v2\/posts\/4201","targetHints":{"allow":["GET"]}}],"collection":[{"href":"https:\/\/mfc08.de\/index.php?rest_route=\/wp\/v2\/posts"}],"about":[{"href":"https:\/\/mfc08.de\/index.php?rest_route=\/wp\/v2\/types\/post"}],"author":[{"embeddable":true,"href":"https:\/\/mfc08.de\/index.php?rest_route=\/wp\/v2\/users\/5"}],"replies":[{"embeddable":true,"href":"https:\/\/mfc08.de\/index.php?rest_route=%2Fwp%2Fv2%2Fcomments&post=4201"}],"version-history":[{"count":1,"href":"https:\/\/mfc08.de\/index.php?rest_route=\/wp\/v2\/posts\/4201\/revisions"}],"predecessor-version":[{"id":4202,"href":"https:\/\/mfc08.de\/index.php?rest_route=\/wp\/v2\/posts\/4201\/revisions\/4202"}],"wp:featuredmedia":[{"embeddable":true,"href":"https:\/\/mfc08.de\/index.php?rest_route=\/wp\/v2\/media\/4013"}],"wp:attachment":[{"href":"https:\/\/mfc08.de\/index.php?rest_route=%2Fwp%2Fv2%2Fmedia&parent=4201"}],"wp:term":[{"taxonomy":"category","embeddable":true,"href":"https:\/\/mfc08.de\/index.php?rest_route=%2Fwp%2Fv2%2Fcategories&post=4201"},{"taxonomy":"post_tag","embeddable":true,"href":"https:\/\/mfc08.de\/index.php?rest_route=%2Fwp%2Fv2%2Ftags&post=4201"}],"curies":[{"name":"wp","href":"https:\/\/api.w.org\/{rel}","templated":true}]}}