{"id":4272,"date":"2021-12-22T17:15:15","date_gmt":"2021-12-22T17:15:15","guid":{"rendered":"https:\/\/mfc08.de\/?p=4272"},"modified":"2021-12-22T17:15:17","modified_gmt":"2021-12-22T17:15:17","slug":"weihnachtsgruesse-der-jugendabteilung","status":"publish","type":"post","link":"https:\/\/mfc08.de\/?p=4272","title":{"rendered":"Weihnachtsgr\u00fc\u00dfe der Jugendabteilung"},"content":{"rendered":"\n<p><strong>Liebe Kinder,  Spieler und Spielerinnen,   Trainer und Trainerinnen und  Eltern<\/strong><\/p>\n\n\n\n<p><\/p>\n\n\n\n<p>Ein ereignisreiches Jahr, das wieder durch Corona bestimmt wurde, neigt sich dem Ende zu.<\/p>\n\n\n\n<p>Da unser Training erst wieder ab Juni stattfinden konnte, begann unser Fu\u00dfballjahr, um einige Monate versp\u00e4tet. &nbsp;Umso gl\u00fccklicher waren wir nach den Sommerferien, dass die komplette Herbstrunde zu Ende gespielt werden konnte.<\/p>\n\n\n\n<p>Die Jugendleitung bedankt sich bei allen Trainern und Trainerinnen f\u00fcr ihr ehrenamtliches Engagement. Ein Dank geht auch an Harald und Nico, die f\u00fcr den Aufbau der Spielfelder der&nbsp; E- und F- Jugend verantwortlich waren.<\/p>\n\n\n\n<p>Wir w\u00fcnschen euch allen mit euren Familien, erholsame Ferien, ein besinnliches Weihnachtsfest&nbsp; und einen&nbsp; guten Start ins neue Jahr 2022.<\/p>\n\n\n\n<p>Tun wir alles, was in unserer M\u00f6glichkeit steht, damit wir ab dem ersten Tag des kommenden Jahres gemeinsam auf dem Sportplatz stehen k\u00f6nnen.<\/p>\n\n\n\n<p><\/p>\n\n\n\n<p>Eure Jugendleitung <\/p>\n\n\n\n<p>Karina Doy, Sven Drauschke und Markus Greiner<\/p>\n","protected":false},"excerpt":{"rendered":"<p>Liebe Kinder, Spieler und Spielerinnen, Trainer und Trainerinnen und Eltern Ein ereignisreiches Jahr, das wieder durch Corona bestimmt wurde, neigt sich dem Ende zu. Da unser Training erst wieder ab Juni stattfinden konnte, begann unser Fu\u00dfballjahr, um einige Monate versp\u00e4tet. &nbsp;Umso gl\u00fccklicher waren wir nach den Sommerferien, dass die komplette Herbstrunde zu Ende gespielt werden&hellip;&nbsp;<a href=\"https:\/\/mfc08.de\/?p=4272\" rel=\"bookmark\">Weiterlesen &raquo;<span class=\"screen-reader-text\">Weihnachtsgr\u00fc\u00dfe der Jugendabteilung<\/span><\/a><\/p>\n","protected":false},"author":9,"featured_media":4273,"comment_status":"closed","ping_status":"closed","sticky":false,"template":"","format":"standard","meta":{"neve_meta_sidebar":"","neve_meta_container":"","neve_meta_enable_content_width":"","neve_meta_content_width":0,"neve_meta_title_alignment":"","neve_meta_author_avatar":"","neve_post_elements_order":"","neve_meta_disable_header":"","neve_meta_disable_footer":"","neve_meta_disable_title":"","_themeisle_gutenberg_block_has_review":false,"footnotes":""},"categories":[11,1],"tags":[],"class_list":["post-4272","post","type-post","status-publish","format-standard","has-post-thumbnail","hentry","category-jugend","category-uncategorized"],"_links":{"self":[{"href":"https:\/\/mfc08.de\/index.php?rest_route=\/wp\/v2\/posts\/4272","targetHints":{"allow":["GET"]}}],"collection":[{"href":"https:\/\/mfc08.de\/index.php?rest_route=\/wp\/v2\/posts"}],"about":[{"href":"https:\/\/mfc08.de\/index.php?rest_route=\/wp\/v2\/types\/post"}],"author":[{"embeddable":true,"href":"https:\/\/mfc08.de\/index.php?rest_route=\/wp\/v2\/users\/9"}],"replies":[{"embeddable":true,"href":"https:\/\/mfc08.de\/index.php?rest_route=%2Fwp%2Fv2%2Fcomments&post=4272"}],"version-history":[{"count":2,"href":"https:\/\/mfc08.de\/index.php?rest_route=\/wp\/v2\/posts\/4272\/revisions"}],"predecessor-version":[{"id":4275,"href":"https:\/\/mfc08.de\/index.php?rest_route=\/wp\/v2\/posts\/4272\/revisions\/4275"}],"wp:featuredmedia":[{"embeddable":true,"href":"https:\/\/mfc08.de\/index.php?rest_route=\/wp\/v2\/media\/4273"}],"wp:attachment":[{"href":"https:\/\/mfc08.de\/index.php?rest_route=%2Fwp%2Fv2%2Fmedia&parent=4272"}],"wp:term":[{"taxonomy":"category","embeddable":true,"href":"https:\/\/mfc08.de\/index.php?rest_route=%2Fwp%2Fv2%2Fcategories&post=4272"},{"taxonomy":"post_tag","embeddable":true,"href":"https:\/\/mfc08.de\/index.php?rest_route=%2Fwp%2Fv2%2Ftags&post=4272"}],"curies":[{"name":"wp","href":"https:\/\/api.w.org\/{rel}","templated":true}]}}