{"id":4333,"date":"2021-12-29T12:05:36","date_gmt":"2021-12-29T12:05:36","guid":{"rendered":"https:\/\/mfc08.de\/?p=4333"},"modified":"2022-01-19T08:09:16","modified_gmt":"2022-01-19T08:09:16","slug":"die-roundnet-abteilung-nimmt-den-spielbetrieb-auf","status":"publish","type":"post","link":"https:\/\/mfc08.de\/?p=4333","title":{"rendered":"Die Roundnet Abteilung nimmt den Spielbetrieb auf"},"content":{"rendered":"\n<p><strong>Mannheim startet in die Deutsche Roundnet Liga<\/strong><\/p>\n\n\n\n<p>An den beiden ersten Wochenenden im Dezember fanden die jeweils ersten Spieltage der Deutschen Roundnet Liga (DRL) f\u00fcr die Level Intermediate und Pro statt, und Mannheim war beide Male vertreten.<\/p>\n\n\n\n<p>Aufgrund von Ausf\u00e4llen und Krankheit konnte Mannheim noch nicht optimal in die Liga starten, doch die Spieler:innen waren stolz, zum ersten Mal Mannheim und den MFC 08 Lindenhof bei einem offiziellen Turnier zu vertreten. Es ist \u00fcberhaupt erst die zweite Saison der DRL, nachdem der Spielbetrieb im vergangenen Jahr aufgrund von Corona abgesagt werden musste.<\/p>\n\n\n\n<p>Roundnet wird \u00fcblicherweise in Zweierteams gespielt. Das Besondere bei der DRL ist das Antreten der St\u00e4dte in Teams von bis zu 10 Personen. Pro Begegnung werden jeweils zwei M\u00e4nner-Matches, zwei Mixed-Matches und ein Frauen-Match gespielt und die gewonnen S\u00e4tze miteinander verrechnet. Das Intermediate-Team (Gruppe A, Intermediate Liga S\u00fcd) trifft dabei auf Teams aus W\u00fcrzburg, Ulm und Karlsruhe, das Pro-Team (Gruppe C, Pro Liga S\u00fcd) spielt gegen Heidelberg, Karlsruhe und Freiburg.<\/p>\n\n\n\n<p>Das Ziel der beiden noch jungen Teams f\u00fcr die kommenden Spieltage ist auf jeden Fall die Steigerung der Leistung. Das n\u00e4chste Vorbereitungsturnier, bei dem auch Rang-Punkte vergeben wurden, fand am letzten Wochenende vor Weihnachten im Siegerland statt. Interessierte k\u00f6nnen sich das Abschneiden der beiden Mannheimer Teams im Livestream bei spontent auf Twitch oder dem @roundnet_mannheim Instagram-Kanal anschauen.<\/p>\n\n\n\n<figure class=\"wp-block-image size-full\"><img fetchpriority=\"high\" decoding=\"async\" width=\"1024\" height=\"768\" src=\"https:\/\/mfc08.de\/wp-content\/uploads\/2022\/01\/IMG-20211205-WA0011.jpg\" alt=\"\" class=\"wp-image-4386\" srcset=\"https:\/\/mfc08.de\/wp-content\/uploads\/2022\/01\/IMG-20211205-WA0011.jpg 1024w, https:\/\/mfc08.de\/wp-content\/uploads\/2022\/01\/IMG-20211205-WA0011-300x225.jpg 300w, https:\/\/mfc08.de\/wp-content\/uploads\/2022\/01\/IMG-20211205-WA0011-768x576.jpg 768w\" sizes=\"(max-width: 1024px) 100vw, 1024px\" \/><figcaption>Unser Intermediate-Team in Karlsruhe<\/figcaption><\/figure>\n","protected":false},"excerpt":{"rendered":"<p>Mannheim startet in die Deutsche Roundnet Liga An den beiden ersten Wochenenden im Dezember fanden die jeweils ersten Spieltage der Deutschen Roundnet Liga (DRL) f\u00fcr die Level Intermediate und Pro statt, und Mannheim war beide Male vertreten. Aufgrund von Ausf\u00e4llen und Krankheit konnte Mannheim noch nicht optimal in die Liga starten, doch die Spieler:innen waren&hellip;&nbsp;<a href=\"https:\/\/mfc08.de\/?p=4333\" rel=\"bookmark\">Weiterlesen &raquo;<span class=\"screen-reader-text\">Die Roundnet Abteilung nimmt den Spielbetrieb auf<\/span><\/a><\/p>\n","protected":false},"author":10,"featured_media":4334,"comment_status":"closed","ping_status":"closed","sticky":false,"template":"","format":"standard","meta":{"neve_meta_sidebar":"","neve_meta_container":"","neve_meta_enable_content_width":"","neve_meta_content_width":0,"neve_meta_title_alignment":"","neve_meta_author_avatar":"","neve_post_elements_order":"[\"title\",\"meta\",\"tags\",\"comments\",\"thumbnail\",\"content\"]","neve_meta_disable_header":"","neve_meta_disable_footer":"","neve_meta_disable_title":"","_themeisle_gutenberg_block_has_review":false,"footnotes":""},"categories":[17],"tags":[],"class_list":["post-4333","post","type-post","status-publish","format-standard","has-post-thumbnail","hentry","category-roundnet"],"_links":{"self":[{"href":"https:\/\/mfc08.de\/index.php?rest_route=\/wp\/v2\/posts\/4333","targetHints":{"allow":["GET"]}}],"collection":[{"href":"https:\/\/mfc08.de\/index.php?rest_route=\/wp\/v2\/posts"}],"about":[{"href":"https:\/\/mfc08.de\/index.php?rest_route=\/wp\/v2\/types\/post"}],"author":[{"embeddable":true,"href":"https:\/\/mfc08.de\/index.php?rest_route=\/wp\/v2\/users\/10"}],"replies":[{"embeddable":true,"href":"https:\/\/mfc08.de\/index.php?rest_route=%2Fwp%2Fv2%2Fcomments&post=4333"}],"version-history":[{"count":2,"href":"https:\/\/mfc08.de\/index.php?rest_route=\/wp\/v2\/posts\/4333\/revisions"}],"predecessor-version":[{"id":4388,"href":"https:\/\/mfc08.de\/index.php?rest_route=\/wp\/v2\/posts\/4333\/revisions\/4388"}],"wp:featuredmedia":[{"embeddable":true,"href":"https:\/\/mfc08.de\/index.php?rest_route=\/wp\/v2\/media\/4334"}],"wp:attachment":[{"href":"https:\/\/mfc08.de\/index.php?rest_route=%2Fwp%2Fv2%2Fmedia&parent=4333"}],"wp:term":[{"taxonomy":"category","embeddable":true,"href":"https:\/\/mfc08.de\/index.php?rest_route=%2Fwp%2Fv2%2Fcategories&post=4333"},{"taxonomy":"post_tag","embeddable":true,"href":"https:\/\/mfc08.de\/index.php?rest_route=%2Fwp%2Fv2%2Ftags&post=4333"}],"curies":[{"name":"wp","href":"https:\/\/api.w.org\/{rel}","templated":true}]}}