{"id":4455,"date":"2022-01-29T19:28:34","date_gmt":"2022-01-29T19:28:34","guid":{"rendered":"https:\/\/mfc08.de\/?p=4455"},"modified":"2022-02-22T17:32:42","modified_gmt":"2022-02-22T17:32:42","slug":"der-ball-rollt-wieder","status":"publish","type":"post","link":"https:\/\/mfc08.de\/?p=4455","title":{"rendered":"Der Ball rollt wieder"},"content":{"rendered":"\n<p>Nach der corona-bedingt verl\u00e4ngerten Winterpause haben unsere aktiven Mannschaften diese Woche mit der Vorbereitung auf die R\u00fcckrunde begonnen, die hoffentlcih planm\u00e4\u00dfig am 6.3 startet.<\/p>\n\n\n\n<p>Beide Mannschaften liegen ja aussichtsreich im Rennen um die vorderen Pl\u00e4tze und wollen nat\u00fcrlich so lange es geht diese Positionen veteidigen und um den Aufstieg mitspielen.<\/p>\n\n\n\n<p>Auf dem Weg dahin wurden bislang folgende Vorbereitungsspiele vereinbart<\/p>\n\n\n\n<p>Sonntag 30.01.22 14.00 Uhr MFC 08 Lindenhof &#8211; SKV Sandhofen    1:2<\/p>\n\n\n\n<p>Sonntag 06.02.22 TSV Wieblingen &#8211; MFC 08 Lindenhof                    2:0<\/p>\n\n\n\n<p>Samstag 12.02.22 15.00 Uhr MFC 08 Lindenhof &#8211; FV Freinsheim      7:1 <\/p>\n\n\n\n<p>Samstag 19.02.22 14.00 Uhr MFC 08 Lindenhof &#8211; SV Rohrhof     abgesagt<\/p>\n\n\n\n<p><\/p>\n\n\n\n<p><\/p>\n\n\n\n<p>Sonntag 30.01.22 13.00 Uhr FC Viktoria Neckarhausen &#8211; MFC 08 Lindenhof 2 4:5<\/p>\n\n\n\n<p>Sonntag 06.02.22 13.00 Uhr MFC 08 Lindenhof 2 &#8211; ASV Birkenheide                6:0 <\/p>\n\n\n\n<p>Sonntag 13.02.22 12.00 Uhr&nbsp; MFC 08 Lindenhof 2 &#8211; Polizei SV Mannheim        2:0<\/p>\n\n\n\n<p>Samstag 19.02.22 14.00 Uhr SV Kirschhausen &#8211; MFC 08 Lindenhof 2                2:5           <\/p>\n\n\n\n<p><\/p>\n\n\n\n<p><\/p>\n\n\n\n<p>Einen erste \u00e4usserst positive Nachricht gibt es bereits abseits des gr\u00fcnen Rasens zu vermelden. Der Trainer unserer ersten Mannschaft, Patrick Heinzelmann, hat seine Zusage f\u00fcr eine weitere Saison gegeben. Mit ihm wollen wir den eingeschlagen Weg weiter gehen und hoffen, dass sich der positive Trend weiter fortsetzt. <\/p>\n","protected":false},"excerpt":{"rendered":"<p>Nach der corona-bedingt verl\u00e4ngerten Winterpause haben unsere aktiven Mannschaften diese Woche mit der Vorbereitung auf die R\u00fcckrunde begonnen, die hoffentlcih planm\u00e4\u00dfig am 6.3 startet. Beide Mannschaften liegen ja aussichtsreich im Rennen um die vorderen Pl\u00e4tze und wollen nat\u00fcrlich so lange es geht diese Positionen veteidigen und um den Aufstieg mitspielen. Auf dem Weg dahin wurden&hellip;&nbsp;<a href=\"https:\/\/mfc08.de\/?p=4455\" rel=\"bookmark\">Weiterlesen &raquo;<span class=\"screen-reader-text\">Der Ball rollt wieder<\/span><\/a><\/p>\n","protected":false},"author":5,"featured_media":716,"comment_status":"closed","ping_status":"closed","sticky":false,"template":"","format":"standard","meta":{"neve_meta_sidebar":"","neve_meta_container":"","neve_meta_enable_content_width":"","neve_meta_content_width":0,"neve_meta_title_alignment":"","neve_meta_author_avatar":"","neve_post_elements_order":"","neve_meta_disable_header":"","neve_meta_disable_footer":"","neve_meta_disable_title":"","_themeisle_gutenberg_block_has_review":false,"footnotes":""},"categories":[3,5],"tags":[],"class_list":["post-4455","post","type-post","status-publish","format-standard","has-post-thumbnail","hentry","category-1-mannschaft","category-2-mannschaft"],"_links":{"self":[{"href":"https:\/\/mfc08.de\/index.php?rest_route=\/wp\/v2\/posts\/4455","targetHints":{"allow":["GET"]}}],"collection":[{"href":"https:\/\/mfc08.de\/index.php?rest_route=\/wp\/v2\/posts"}],"about":[{"href":"https:\/\/mfc08.de\/index.php?rest_route=\/wp\/v2\/types\/post"}],"author":[{"embeddable":true,"href":"https:\/\/mfc08.de\/index.php?rest_route=\/wp\/v2\/users\/5"}],"replies":[{"embeddable":true,"href":"https:\/\/mfc08.de\/index.php?rest_route=%2Fwp%2Fv2%2Fcomments&post=4455"}],"version-history":[{"count":6,"href":"https:\/\/mfc08.de\/index.php?rest_route=\/wp\/v2\/posts\/4455\/revisions"}],"predecessor-version":[{"id":4568,"href":"https:\/\/mfc08.de\/index.php?rest_route=\/wp\/v2\/posts\/4455\/revisions\/4568"}],"wp:featuredmedia":[{"embeddable":true,"href":"https:\/\/mfc08.de\/index.php?rest_route=\/wp\/v2\/media\/716"}],"wp:attachment":[{"href":"https:\/\/mfc08.de\/index.php?rest_route=%2Fwp%2Fv2%2Fmedia&parent=4455"}],"wp:term":[{"taxonomy":"category","embeddable":true,"href":"https:\/\/mfc08.de\/index.php?rest_route=%2Fwp%2Fv2%2Fcategories&post=4455"},{"taxonomy":"post_tag","embeddable":true,"href":"https:\/\/mfc08.de\/index.php?rest_route=%2Fwp%2Fv2%2Ftags&post=4455"}],"curies":[{"name":"wp","href":"https:\/\/api.w.org\/{rel}","templated":true}]}}