{"id":4460,"date":"2022-01-31T17:40:40","date_gmt":"2022-01-31T17:40:40","guid":{"rendered":"https:\/\/mfc08.de\/?p=4460"},"modified":"2022-01-31T17:40:42","modified_gmt":"2022-01-31T17:40:42","slug":"einladung-zur-jugendhauptversammlung","status":"publish","type":"post","link":"https:\/\/mfc08.de\/?p=4460","title":{"rendered":"Einladung zur Jugendhauptversammlung"},"content":{"rendered":"\n<p class=\"has-medium-font-size\"><strong>An alle Mitglieder der Jugendabteilung,<\/strong><\/p>\n\n\n\n<p>hiermit laden wir alle Mitglieder der Jugendabteilung zur Jugendhauptversammlung am 18.02.2022 um 18:00 Uhr in der Clubgastst\u00e4tte am Promenadenweg 15 ein.<\/p>\n\n\n\n<p>Die Sitzung findet in unserer Vereinsgastst\u00e4tte unter 3G nach Corona Verordnung BW statt. Bitte bringt alle eine Maske mit, damit wir bei erh\u00f6hter Teilnehmerzahl die Sitzung mit Maske abhalten k\u00f6nnen.<\/p>\n\n\n\n<p>Eingeladen sind alle Trainer der Jugendabteilung und alle Spieler, die das 11.Lebensjahr vollendet haben und die Elternvertreter der Kinder die das 11. Lebensjahr noch nicht erreicht haben (pro gemeldete Mannschaft am Spielbetrieb 2 Elternvertreter)<\/p>\n\n\n\n<p><strong>Tagesordnung<\/strong><\/p>\n\n\n\n<ol class=\"wp-block-list\" type=\"1\"><li>Begr\u00fc\u00dfung<\/li><li>Feststellung zur ordnungsgem\u00e4\u00dfen Einberufung<\/li><li>Feststellung zur Beschlussf\u00e4higkeit<\/li><li>Genehmigung der Tagesordnung<\/li><li>R\u00fcckblick auf 2021 durch die Jugendleitung<\/li><li>R\u00fcckblick auf 2021 durch die Jugendmannschaften<\/li><li>Kassenbericht<\/li><li>Entlastung des Jugendvorstandes<\/li><li>Aufl\u00f6sen des Jugendvorstandes<\/li><li>Wahl eines Wahlleiters<\/li><li>Neuwahlen <ol><li> Jugendleitung<\/li><li>Stellvertretender Jugendleiter<\/li><li>Kassierer<\/li><\/ol><\/li><li>Planungen f\u00fcr 2022<\/li><li>Sonstiges<\/li><\/ol>\n\n\n\n<p>Wir w\u00fcrden uns \u00fcber ein zahlreiches Erscheinen freuen\u00a0\u00a0\u00a0\u00a0\u00a0\u00a0\u00a0\u00a0\u00a0\u00a0\u00a0\u00a0\u00a0\u00a0\u00a0\u00a0\u00a0\u00a0\u00a0\u00a0\u00a0\u00a0\u00a0\u00a0<\/p>\n\n\n\n<p>Karina Doy,   Sven Drauschke,   Markus Greiner<\/p>\n\n\n\n<p>Abteilungsleitung der Jugendabteilung des MFC 08 Lindenhof<\/p>\n","protected":false},"excerpt":{"rendered":"<p>An alle Mitglieder der Jugendabteilung, hiermit laden wir alle Mitglieder der Jugendabteilung zur Jugendhauptversammlung am 18.02.2022 um 18:00 Uhr in der Clubgastst\u00e4tte am Promenadenweg 15 ein. Die Sitzung findet in unserer Vereinsgastst\u00e4tte unter 3G nach Corona Verordnung BW statt. Bitte bringt alle eine Maske mit, damit wir bei erh\u00f6hter Teilnehmerzahl die Sitzung mit Maske abhalten&hellip;&nbsp;<a href=\"https:\/\/mfc08.de\/?p=4460\" rel=\"bookmark\">Weiterlesen &raquo;<span class=\"screen-reader-text\">Einladung zur Jugendhauptversammlung<\/span><\/a><\/p>\n","protected":false},"author":9,"featured_media":3493,"comment_status":"closed","ping_status":"closed","sticky":false,"template":"","format":"standard","meta":{"neve_meta_sidebar":"","neve_meta_container":"","neve_meta_enable_content_width":"","neve_meta_content_width":0,"neve_meta_title_alignment":"","neve_meta_author_avatar":"","neve_post_elements_order":"","neve_meta_disable_header":"","neve_meta_disable_footer":"","neve_meta_disable_title":"","_themeisle_gutenberg_block_has_review":false,"footnotes":""},"categories":[11,1],"tags":[],"class_list":["post-4460","post","type-post","status-publish","format-standard","has-post-thumbnail","hentry","category-jugend","category-uncategorized"],"_links":{"self":[{"href":"https:\/\/mfc08.de\/index.php?rest_route=\/wp\/v2\/posts\/4460","targetHints":{"allow":["GET"]}}],"collection":[{"href":"https:\/\/mfc08.de\/index.php?rest_route=\/wp\/v2\/posts"}],"about":[{"href":"https:\/\/mfc08.de\/index.php?rest_route=\/wp\/v2\/types\/post"}],"author":[{"embeddable":true,"href":"https:\/\/mfc08.de\/index.php?rest_route=\/wp\/v2\/users\/9"}],"replies":[{"embeddable":true,"href":"https:\/\/mfc08.de\/index.php?rest_route=%2Fwp%2Fv2%2Fcomments&post=4460"}],"version-history":[{"count":2,"href":"https:\/\/mfc08.de\/index.php?rest_route=\/wp\/v2\/posts\/4460\/revisions"}],"predecessor-version":[{"id":4462,"href":"https:\/\/mfc08.de\/index.php?rest_route=\/wp\/v2\/posts\/4460\/revisions\/4462"}],"wp:featuredmedia":[{"embeddable":true,"href":"https:\/\/mfc08.de\/index.php?rest_route=\/wp\/v2\/media\/3493"}],"wp:attachment":[{"href":"https:\/\/mfc08.de\/index.php?rest_route=%2Fwp%2Fv2%2Fmedia&parent=4460"}],"wp:term":[{"taxonomy":"category","embeddable":true,"href":"https:\/\/mfc08.de\/index.php?rest_route=%2Fwp%2Fv2%2Fcategories&post=4460"},{"taxonomy":"post_tag","embeddable":true,"href":"https:\/\/mfc08.de\/index.php?rest_route=%2Fwp%2Fv2%2Ftags&post=4460"}],"curies":[{"name":"wp","href":"https:\/\/api.w.org\/{rel}","templated":true}]}}