{"id":4465,"date":"2022-02-02T18:12:36","date_gmt":"2022-02-02T18:12:36","guid":{"rendered":"https:\/\/mfc08.de\/?p=4465"},"modified":"2022-05-18T12:13:04","modified_gmt":"2022-05-18T12:13:04","slug":"zweiter-ligaspieltag-der-pro-division","status":"publish","type":"post","link":"https:\/\/mfc08.de\/?p=4465","title":{"rendered":"Roundnet: Zweiter Ligaspieltag der Pro-Division"},"content":{"rendered":"<p>Vergangenen Samstag war das Mannheimer Pro-Liga-Team zu Gast bei Roundnet Karlsruhe. Der zweite und entscheidende Ligaspieltag stand an, es ging um die Platzierungen f\u00fcr die Hauptrunde. Lieder waren wir auch dieses Mal von Ausf\u00e4llen geschw\u00e4cht, einige unserer Team-Mitglieder konnten uns nicht nach Karlsruhe begleiten.<\/p>\n<p>Aufgrund von sehr aktuellen Corona-F\u00e4llen konnte das Freiburger Team nicht vollst\u00e4ndig antreten, musste wieder heimfahren und automatisch zwei von f\u00fcnf Spielen verloren geben. Wir konnten noch ein weiteres M\u00e4nner-Spiel gewinnen und somit die Begegnung gegen Freiburg f\u00fcr uns entscheiden.<\/p>\n<div class=\"nv-iframe-embed\"><iframe title=\"Deutsche Roundnet Liga Pro (S\u00fcd) - Freiburg VS Mannheim - Men 1 - 29.01.2022\" width=\"1200\" height=\"675\" src=\"https:\/\/www.youtube.com\/embed\/J898N6z9frM?feature=oembed\" frameborder=\"0\" allow=\"accelerometer; autoplay; clipboard-write; encrypted-media; gyroscope; picture-in-picture\" allowfullscreen><\/iframe><\/div>\n<p>Gegen Heidelberg konnten wir gerade so mit einem Satz in F\u00fchrung gehen, zwei Mixed Spiele und ein M\u00e4nner Spiel wurden gewonnen. Der entscheidende Satz ging sehr knapp 21:20 aus, bei einer maximalen Punktanzahl von 21 Punkten.<\/p>\n<p>Gegen Karlsruhe hatten wir leider nichts entgegen zu setzen und mussten alle S\u00e4tze abgeben. Karlsruhe ist damit auch verdient Tabellensieger in unserer Pro-S\u00fcd-Gruppe C und zieht gegen M\u00fcnchen, Heidelberg 1 und Regensburg 2 in die Endrunde ein. Dabei Spielen immer alle Gruppenersten gegeneinander. In weiteren Turnieren treffen immer je alle Gruppenzweiten, alle Gruppendritten und alle Gruppenletzten der Profiliga S\u00fcd aufeinander. Leider war unsere Gruppe sehr knapp und trotz eines sehr guten Spieltags schafften wir es insgesamt nur auf den letzten Platz. Demnach spielen wir Ende M\u00e4rz in der Hauptrunde gegen Bayreuth, Karlsruhe 2 und W\u00fcrzburg. Die Hauptrunde legt auch fest, wer im n\u00e4chsten Jahr in der 1. Bundesliga antreten darf, demnach d\u00fcrfen wir auf spannende Spitzenspiele hoffen.<\/p>\n<figure><img decoding=\"async\" class=\"aligncenter\" src=\"https:\/\/mfc08.de\/wp-content\/uploads\/2022\/02\/Screenshot-2022-02-02-at-18.31.18.png\" alt=\"\" \/><\/figure>\n<p>Die kompletten Spielergebnisse k\u00f6nnen <a href=\"https:\/\/playerzone.roundnetgermany.de\/tournaments\/84-2022-03-19-liga-profi-division-drl-21-22\/schedule\/mixed-112-gruppenphase?type=games&amp;group_id=2166\" target=\"_blank\" rel=\"noreferrer noopener\">auf der Seite von Roundnet Germany<\/a> eingesehen werden. Eine Playlist mit Videos vom Spieltag gibt es <a href=\"https:\/\/www.youtube.com\/watch?v=J898N6z9frM&amp;list=PLrfFq6cugrktQIOVhRuMFaH9wBTQB6ErG\" target=\"_blank\" rel=\"noopener\">hier auf YouTube<\/a>.<\/p>\n","protected":false},"excerpt":{"rendered":"<p>Vergangenen Samstag war das Mannheimer Pro-Liga-Team zu Gast bei Roundnet Karlsruhe. Der zweite und entscheidende Ligaspieltag stand an, es ging um die Platzierungen f\u00fcr die Hauptrunde. Lieder waren wir auch dieses Mal von Ausf\u00e4llen geschw\u00e4cht, einige unserer Team-Mitglieder konnten uns nicht nach Karlsruhe begleiten. Aufgrund von sehr aktuellen Corona-F\u00e4llen konnte das Freiburger Team nicht vollst\u00e4ndig&hellip;&nbsp;<a href=\"https:\/\/mfc08.de\/?p=4465\" rel=\"bookmark\">Weiterlesen &raquo;<span class=\"screen-reader-text\">Roundnet: Zweiter Ligaspieltag der Pro-Division<\/span><\/a><\/p>\n","protected":false},"author":10,"featured_media":4473,"comment_status":"closed","ping_status":"closed","sticky":false,"template":"","format":"standard","meta":{"neve_meta_sidebar":"","neve_meta_container":"","neve_meta_enable_content_width":"","neve_meta_content_width":0,"neve_meta_title_alignment":"","neve_meta_author_avatar":"","neve_post_elements_order":"","neve_meta_disable_header":"","neve_meta_disable_footer":"","neve_meta_disable_title":"","_themeisle_gutenberg_block_has_review":false,"footnotes":""},"categories":[17],"tags":[],"class_list":["post-4465","post","type-post","status-publish","format-standard","has-post-thumbnail","hentry","category-roundnet"],"_links":{"self":[{"href":"https:\/\/mfc08.de\/index.php?rest_route=\/wp\/v2\/posts\/4465","targetHints":{"allow":["GET"]}}],"collection":[{"href":"https:\/\/mfc08.de\/index.php?rest_route=\/wp\/v2\/posts"}],"about":[{"href":"https:\/\/mfc08.de\/index.php?rest_route=\/wp\/v2\/types\/post"}],"author":[{"embeddable":true,"href":"https:\/\/mfc08.de\/index.php?rest_route=\/wp\/v2\/users\/10"}],"replies":[{"embeddable":true,"href":"https:\/\/mfc08.de\/index.php?rest_route=%2Fwp%2Fv2%2Fcomments&post=4465"}],"version-history":[{"count":7,"href":"https:\/\/mfc08.de\/index.php?rest_route=\/wp\/v2\/posts\/4465\/revisions"}],"predecessor-version":[{"id":5509,"href":"https:\/\/mfc08.de\/index.php?rest_route=\/wp\/v2\/posts\/4465\/revisions\/5509"}],"wp:featuredmedia":[{"embeddable":true,"href":"https:\/\/mfc08.de\/index.php?rest_route=\/wp\/v2\/media\/4473"}],"wp:attachment":[{"href":"https:\/\/mfc08.de\/index.php?rest_route=%2Fwp%2Fv2%2Fmedia&parent=4465"}],"wp:term":[{"taxonomy":"category","embeddable":true,"href":"https:\/\/mfc08.de\/index.php?rest_route=%2Fwp%2Fv2%2Fcategories&post=4465"},{"taxonomy":"post_tag","embeddable":true,"href":"https:\/\/mfc08.de\/index.php?rest_route=%2Fwp%2Fv2%2Ftags&post=4465"}],"curies":[{"name":"wp","href":"https:\/\/api.w.org\/{rel}","templated":true}]}}