{"id":4553,"date":"2022-02-20T00:13:14","date_gmt":"2022-02-20T00:13:14","guid":{"rendered":"https:\/\/mfc08.de\/?p=4553"},"modified":"2022-02-20T00:19:16","modified_gmt":"2022-02-20T00:19:16","slug":"versammlung-der-abteilung-fussball-am-11-3-2022","status":"publish","type":"post","link":"https:\/\/mfc08.de\/?p=4553","title":{"rendered":"Versammlung der Abteilung Fu\u00dfball am 11.3.2022"},"content":{"rendered":"\n<p><\/p>\n\n\n\n<p><strong>Einladung<\/strong><\/p>\n\n\n\n<p>zur ordentlichen Mitgliederversammlung der Abteilung <strong>Fu\u00dfball des MFC 08 Lindenhof<\/strong> am <strong>Freitag, 11.03.2022, 19:00 Uhr<\/strong>, Clubhaus Promenadenweg 15.<\/p>\n\n\n\n<p>Folgende Tagesordnung ist vorgesehen:<\/p>\n\n\n\n<p>&nbsp;&nbsp;&nbsp;&nbsp;&nbsp;&nbsp;&nbsp;&nbsp;&nbsp;&nbsp;&nbsp;&nbsp;&nbsp;&nbsp;&nbsp;&nbsp;&nbsp;&nbsp;&nbsp;&nbsp;&nbsp;&nbsp;&nbsp;&nbsp;&nbsp;&nbsp;&nbsp;&nbsp;&nbsp;&nbsp;&nbsp;&nbsp;&nbsp;&nbsp;&nbsp;&nbsp;&nbsp;&nbsp;&nbsp;&nbsp;&nbsp;&nbsp;&nbsp;&nbsp;&nbsp;&nbsp; <strong>Tagesordnung<\/strong><\/p>\n\n\n\n<ol class=\"wp-block-list\" type=\"1\"><li>Begr\u00fc\u00dfung durch den Abteilungsleiter<\/li><li>Genehmigung der Tagesordnung<\/li><li>Jahresberichte<ol><li>Erste und Zweite Mannschaft<\/li><\/ol><ol><li>Blau-Wei\u00df<\/li><\/ol><ol><li>AH<\/li><\/ol><\/li><li>Wahl eines Versammlungsleiters<\/li><li>Entlastung der Abteilungsleitung<\/li><li>Neuwahlen<ol><li>Abteilungsleiter<\/li><\/ol><ol><li>stellvertretender Abteilungsleiter<\/li><\/ol><\/li><li>Antr\u00e4ge<\/li><li>Verschiedenes<\/li><\/ol>\n\n\n\n<p>Wir hoffen auf zahlreiches Erscheinen bei dieser Versammlung und verbleiben bis dahin<\/p>\n\n\n\n<p>PS:&nbsp; Sofern mehrere Personen einer Familie Mitglieder in der Fu\u00dfballabteilung sind, gilt die Einladung f\u00fcr diese entsprechend&nbsp;&nbsp;<\/p>\n\n\n\n<p>mit freundlichen Gr\u00fc\u00dfen<\/p>\n\n\n\n<p>Abteilungsleitung Fu\u00dfball<\/p>\n\n\n\n<p><\/p>\n","protected":false},"excerpt":{"rendered":"<p>Einladung zur ordentlichen Mitgliederversammlung der Abteilung Fu\u00dfball des MFC 08 Lindenhof am Freitag, 11.03.2022, 19:00 Uhr, Clubhaus Promenadenweg 15. Folgende Tagesordnung ist vorgesehen: &nbsp;&nbsp;&nbsp;&nbsp;&nbsp;&nbsp;&nbsp;&nbsp;&nbsp;&nbsp;&nbsp;&nbsp;&nbsp;&nbsp;&nbsp;&nbsp;&nbsp;&nbsp;&nbsp;&nbsp;&nbsp;&nbsp;&nbsp;&nbsp;&nbsp;&nbsp;&nbsp;&nbsp;&nbsp;&nbsp;&nbsp;&nbsp;&nbsp;&nbsp;&nbsp;&nbsp;&nbsp;&nbsp;&nbsp;&nbsp;&nbsp;&nbsp;&nbsp;&nbsp;&nbsp;&nbsp; Tagesordnung Begr\u00fc\u00dfung durch den Abteilungsleiter Genehmigung der Tagesordnung Jahresberichte Erste und Zweite Mannschaft Blau-Wei\u00df AH Wahl eines Versammlungsleiters Entlastung der Abteilungsleitung Neuwahlen Abteilungsleiter stellvertretender Abteilungsleiter Antr\u00e4ge Verschiedenes Wir hoffen auf zahlreiches&hellip;&nbsp;<a href=\"https:\/\/mfc08.de\/?p=4553\" rel=\"bookmark\">Weiterlesen &raquo;<span class=\"screen-reader-text\">Versammlung der Abteilung Fu\u00dfball am 11.3.2022<\/span><\/a><\/p>\n","protected":false},"author":2,"featured_media":4554,"comment_status":"closed","ping_status":"open","sticky":false,"template":"","format":"standard","meta":{"neve_meta_sidebar":"","neve_meta_container":"","neve_meta_enable_content_width":"","neve_meta_content_width":0,"neve_meta_title_alignment":"","neve_meta_author_avatar":"","neve_post_elements_order":"","neve_meta_disable_header":"","neve_meta_disable_footer":"","neve_meta_disable_title":"","_themeisle_gutenberg_block_has_review":false,"footnotes":""},"categories":[1],"tags":[],"class_list":["post-4553","post","type-post","status-publish","format-standard","has-post-thumbnail","hentry","category-uncategorized"],"_links":{"self":[{"href":"https:\/\/mfc08.de\/index.php?rest_route=\/wp\/v2\/posts\/4553","targetHints":{"allow":["GET"]}}],"collection":[{"href":"https:\/\/mfc08.de\/index.php?rest_route=\/wp\/v2\/posts"}],"about":[{"href":"https:\/\/mfc08.de\/index.php?rest_route=\/wp\/v2\/types\/post"}],"author":[{"embeddable":true,"href":"https:\/\/mfc08.de\/index.php?rest_route=\/wp\/v2\/users\/2"}],"replies":[{"embeddable":true,"href":"https:\/\/mfc08.de\/index.php?rest_route=%2Fwp%2Fv2%2Fcomments&post=4553"}],"version-history":[{"count":4,"href":"https:\/\/mfc08.de\/index.php?rest_route=\/wp\/v2\/posts\/4553\/revisions"}],"predecessor-version":[{"id":4559,"href":"https:\/\/mfc08.de\/index.php?rest_route=\/wp\/v2\/posts\/4553\/revisions\/4559"}],"wp:featuredmedia":[{"embeddable":true,"href":"https:\/\/mfc08.de\/index.php?rest_route=\/wp\/v2\/media\/4554"}],"wp:attachment":[{"href":"https:\/\/mfc08.de\/index.php?rest_route=%2Fwp%2Fv2%2Fmedia&parent=4553"}],"wp:term":[{"taxonomy":"category","embeddable":true,"href":"https:\/\/mfc08.de\/index.php?rest_route=%2Fwp%2Fv2%2Fcategories&post=4553"},{"taxonomy":"post_tag","embeddable":true,"href":"https:\/\/mfc08.de\/index.php?rest_route=%2Fwp%2Fv2%2Ftags&post=4553"}],"curies":[{"name":"wp","href":"https:\/\/api.w.org\/{rel}","templated":true}]}}