{"id":4678,"date":"2022-02-25T19:03:34","date_gmt":"2022-02-25T19:03:34","guid":{"rendered":"https:\/\/mfc08.de\/?p=4678"},"modified":"2022-02-25T19:03:36","modified_gmt":"2022-02-25T19:03:36","slug":"abteilungsversammlung-der-jugend","status":"publish","type":"post","link":"https:\/\/mfc08.de\/?p=4678","title":{"rendered":"Abteilungsversammlung der Jugend"},"content":{"rendered":"\n<p>Am 18.02.2022 fand die diesj\u00e4hrige Jugendhauptversammlung statt.<\/p>\n\n\n\n<p>Die bisherige Jugendleitung wurde von der Versammlung in ihren \u00c4mtern best\u00e4tigt. So sind Karina Doy als Jugendleiterin, Sven Drauschke als Stellvertreter und Marcus Greiner als Kassierer f\u00fcr die n\u00e4chsten 2 Jahre gew\u00e4hlt.<\/p>\n\n\n\n<p>Der sportliche R\u00fcckblick in das Jahr 2021 fiel Corona bedingt nur sehr eingeschr\u00e4nkt aus. So fiel die komplette Fr\u00fchjahrsrunde und auch die Turniere im Sommer aus. Erst ab den Pfingstferien konnte wieder trainiert werden. Nach den Sommerferien wurde die gesamte Herbstrunde gespielt.<\/p>\n\n\n\n<p>Sehr erfreulich war, dass die Trainer aller Jugendmannschaften im Dezember und Januar bei Wind, K\u00e4lte und Regen mit vielen Kindern trainierten. Hier nochmals Vielen Dank an die Trainer .<\/p>\n\n\n\n<p>In der ersten Amtszeit hat die Jugendleitung einige Ver\u00e4nderungen angesto\u00dfen. So konnte das neue Jugendb\u00fcro und die Container als Ballraum bezogen werden. Seit September gibt es f\u00fcr Neuanmeldungen B\u00fcrozeiten der Jugendleitung. Auch werden seit letztem Jahr alle Neumitglieder mit dem Jugendvereinstrikot ausgestattet und erhalten ein Willkommens Geschenk \u00fcberreicht.<\/p>\n\n\n\n<p>Auf weitere gute Zusammenarbeit, mit den Trainern, dem Vorstand, den Eltern und den Spielern startet die Jugendleitung in weitere 2 Jahre.<\/p>\n","protected":false},"excerpt":{"rendered":"<p>Am 18.02.2022 fand die diesj\u00e4hrige Jugendhauptversammlung statt. Die bisherige Jugendleitung wurde von der Versammlung in ihren \u00c4mtern best\u00e4tigt. So sind Karina Doy als Jugendleiterin, Sven Drauschke als Stellvertreter und Marcus Greiner als Kassierer f\u00fcr die n\u00e4chsten 2 Jahre gew\u00e4hlt. Der sportliche R\u00fcckblick in das Jahr 2021 fiel Corona bedingt nur sehr eingeschr\u00e4nkt aus. So fiel&hellip;&nbsp;<a href=\"https:\/\/mfc08.de\/?p=4678\" rel=\"bookmark\">Weiterlesen &raquo;<span class=\"screen-reader-text\">Abteilungsversammlung der Jugend<\/span><\/a><\/p>\n","protected":false},"author":9,"featured_media":4680,"comment_status":"closed","ping_status":"closed","sticky":false,"template":"","format":"standard","meta":{"neve_meta_sidebar":"","neve_meta_container":"","neve_meta_enable_content_width":"","neve_meta_content_width":0,"neve_meta_title_alignment":"","neve_meta_author_avatar":"","neve_post_elements_order":"","neve_meta_disable_header":"","neve_meta_disable_footer":"","neve_meta_disable_title":"","_themeisle_gutenberg_block_has_review":false,"footnotes":""},"categories":[11,1],"tags":[],"class_list":["post-4678","post","type-post","status-publish","format-standard","has-post-thumbnail","hentry","category-jugend","category-uncategorized"],"_links":{"self":[{"href":"https:\/\/mfc08.de\/index.php?rest_route=\/wp\/v2\/posts\/4678","targetHints":{"allow":["GET"]}}],"collection":[{"href":"https:\/\/mfc08.de\/index.php?rest_route=\/wp\/v2\/posts"}],"about":[{"href":"https:\/\/mfc08.de\/index.php?rest_route=\/wp\/v2\/types\/post"}],"author":[{"embeddable":true,"href":"https:\/\/mfc08.de\/index.php?rest_route=\/wp\/v2\/users\/9"}],"replies":[{"embeddable":true,"href":"https:\/\/mfc08.de\/index.php?rest_route=%2Fwp%2Fv2%2Fcomments&post=4678"}],"version-history":[{"count":1,"href":"https:\/\/mfc08.de\/index.php?rest_route=\/wp\/v2\/posts\/4678\/revisions"}],"predecessor-version":[{"id":4681,"href":"https:\/\/mfc08.de\/index.php?rest_route=\/wp\/v2\/posts\/4678\/revisions\/4681"}],"wp:featuredmedia":[{"embeddable":true,"href":"https:\/\/mfc08.de\/index.php?rest_route=\/wp\/v2\/media\/4680"}],"wp:attachment":[{"href":"https:\/\/mfc08.de\/index.php?rest_route=%2Fwp%2Fv2%2Fmedia&parent=4678"}],"wp:term":[{"taxonomy":"category","embeddable":true,"href":"https:\/\/mfc08.de\/index.php?rest_route=%2Fwp%2Fv2%2Fcategories&post=4678"},{"taxonomy":"post_tag","embeddable":true,"href":"https:\/\/mfc08.de\/index.php?rest_route=%2Fwp%2Fv2%2Ftags&post=4678"}],"curies":[{"name":"wp","href":"https:\/\/api.w.org\/{rel}","templated":true}]}}